{"id":54380,"date":"2015-07-31T17:13:44","date_gmt":"2015-07-31T20:13:44","guid":{"rendered":"http:\/\/www.locoxelrojo.com\/independiente\/?p=54380"},"modified":"2015-07-31T20:14:01","modified_gmt":"2015-07-31T23:14:01","slug":"se-baja-de-la-presentacion-de-forlan","status":"publish","type":"post","link":"https:\/\/www.locoxelrojo.com\/independiente\/2015\/07\/31\/se-baja-de-la-presentacion-de-forlan\/","title":{"rendered":"Se baja de la presentaci\u00f3n de Forl\u00e1n"},"content":{"rendered":"<p>Luego de analizarlo con Mauricio Pellegrino, <strong>la dirigencia de Independiente decidi\u00f3 rechazar la invitaci\u00f3n de Pe\u00f1arol para jugar un amistoso por la presentaci\u00f3n de Diego Forl\u00e1n. Las razones se deben al calendario ajustado del Rojo.<\/strong><\/p>\n<p>Parec\u00eda que el s\u00e1bado 8 de agosto se iba a jugar un amistoso entre Independiente y el Manya en Uruguay con el objetivo de presentar a Forl\u00e1n. <strong>Sin embargo, el equipo de Pellegrino debe jugar el viernes 7 ante Deportivo Espa\u00f1ol por Copa Argentina. Por este motivo, el Rojo se baj\u00f3 y Pe\u00f1arol deber\u00e1 buscar nuevo rival.<\/strong><\/p>\n","protected":false},"excerpt":{"rendered":"<p>Luego de analizarlo con Mauricio Pellegrino, la dirigencia de Independiente decidi\u00f3 rechazar la invitaci\u00f3n de Pe\u00f1arol para jugar un amistoso por la presentaci\u00f3n de Diego Forl\u00e1n. Las razones se deben al calendario ajustado del Rojo. Parec\u00eda que el s\u00e1bado 8 de agosto se iba a jugar un amistoso entre Independiente y el Manya en Uruguay [&hellip;]<\/p>\n","protected":false},"author":11,"featured_media":54386,"comment_status":"open","ping_status":"closed","sticky":false,"template":"","format":"standard","meta":{"_links_to":"","_links_to_target":""},"categories":[3,1],"tags":[153,715,566],"_links":{"self":[{"href":"https:\/\/www.locoxelrojo.com\/independiente\/wp-json\/wp\/v2\/posts\/54380"}],"collection":[{"href":"https:\/\/www.locoxelrojo.com\/independiente\/wp-json\/wp\/v2\/posts"}],"about":[{"href":"https:\/\/www.locoxelrojo.com\/independiente\/wp-json\/wp\/v2\/types\/post"}],"author":[{"embeddable":true,"href":"https:\/\/www.locoxelrojo.com\/independiente\/wp-json\/wp\/v2\/users\/11"}],"replies":[{"embeddable":true,"href":"https:\/\/www.locoxelrojo.com\/independiente\/wp-json\/wp\/v2\/comments?post=54380"}],"version-history":[{"count":0,"href":"https:\/\/www.locoxelrojo.com\/independiente\/wp-json\/wp\/v2\/posts\/54380\/revisions"}],"wp:featuredmedia":[{"embeddable":true,"href":"https:\/\/www.locoxelrojo.com\/independiente\/wp-json\/wp\/v2\/media\/54386"}],"wp:attachment":[{"href":"https:\/\/www.locoxelrojo.com\/independiente\/wp-json\/wp\/v2\/media?parent=54380"}],"wp:term":[{"taxonomy":"category","embeddable":true,"href":"https:\/\/www.locoxelrojo.com\/independiente\/wp-json\/wp\/v2\/categories?post=54380"},{"taxonomy":"post_tag","embeddable":true,"href":"https:\/\/www.locoxelrojo.com\/independiente\/wp-json\/wp\/v2\/tags?post=54380"}],"curies":[{"name":"wp","href":"https:\/\/api.w.org\/{rel}","templated":true}]}}