{"id":5444,"date":"2011-03-04T19:48:57","date_gmt":"2011-03-04T21:48:57","guid":{"rendered":"http:\/\/www.locoxelrojo.com.ar\/independiente\/?p=5444"},"modified":"2011-03-04T19:48:57","modified_gmt":"2011-03-04T21:48:57","slug":"clima-enrarecido","status":"publish","type":"post","link":"https:\/\/www.locoxelrojo.com\/independiente\/2011\/03\/04\/clima-enrarecido\/","title":{"rendered":"Clima enrarecido"},"content":{"rendered":"<p><a href=\"http:\/\/www.locoxelrojo.com.ar\/independiente\/wp-content\/uploads\/2011\/03\/entrenamiento2.jpg\"><img loading=\"lazy\" class=\"alignnone size-full wp-image-5445\" title=\"entrenamiento\" src=\"http:\/\/www.locoxelrojo.com.ar\/independiente\/wp-content\/uploads\/2011\/03\/entrenamiento2.jpg\" alt=\"\" width=\"590\" height=\"315\" srcset=\"https:\/\/locoxelrojo.com\/independiente\/wp-content\/uploads\/2011\/03\/entrenamiento2.jpg 590w, https:\/\/locoxelrojo.com\/independiente\/wp-content\/uploads\/2011\/03\/entrenamiento2-300x160.jpg 300w\" sizes=\"(max-width: 590px) 100vw, 590px\" \/><\/a><\/p>\n<p>Independiente se entren\u00f3 por la ma\u00f1ana bajo las ordenes de Mariano Juan. Hubo f\u00fatbol reducido y antes de las 11 de la ma\u00f1ana todos los jugadores ya estaban afuera del predio Santo Domingo en Villa Dom\u00ednico. Caras largas tras la derrota de los jugadores que estuvieron ayer a la noche en Quito. En Dom\u00ednico estuvieron presentes Hilario Navarro, Juli\u00e1n Vel\u00e1zquez, Roberto Batti\u00f3n, Nicol\u00e1s Cabrera y Mat\u00edas Defederico.<\/p>\n<p>La jornada de trabajo sigue ma\u00f1ana por la ma\u00f1ana a las 9:30 cuando tanto los titulares en Quito como los porbables titulares frente a Arsenal hagan pr\u00e1ctica de f\u00fatbol. Mohamed dar\u00e1 la lista de concentrados que seguramente el d\u00eda domingo haga pelota parada a puertas cerradas pensando en Arsenal de Sarand\u00ed el lunes a las 20:10.<\/p>\n<p>Seg\u00fan pudimos hablar con diferentes integrantes del plantel, la pelea entre Mohamed y Mareque no existi\u00f3 y solo hubo discusiones futbol\u00edsticas el la pr\u00e1ctica del \u00faltimo lunes cuando Mohamed se dispuso a escuchar a cada uno de los referentes del plantel.<\/p>\n","protected":false},"excerpt":{"rendered":"<p>Independiente se entren\u00f3 por la ma\u00f1ana bajo las ordenes de Mariano Juan. Hubo f\u00fatbol reducido y antes de las 11 de la ma\u00f1ana todos los jugadores ya estaban afuera del predio Santo Domingo en Villa Dom\u00ednico. Caras largas tras la derrota de los jugadores que estuvieron ayer a la noche en Quito. En Dom\u00ednico estuvieron [&hellip;]<\/p>\n","protected":false},"author":1,"featured_media":0,"comment_status":"open","ping_status":"open","sticky":false,"template":"","format":"standard","meta":{"_links_to":"","_links_to_target":""},"categories":[3,1],"tags":[543,153,462],"_links":{"self":[{"href":"https:\/\/www.locoxelrojo.com\/independiente\/wp-json\/wp\/v2\/posts\/5444"}],"collection":[{"href":"https:\/\/www.locoxelrojo.com\/independiente\/wp-json\/wp\/v2\/posts"}],"about":[{"href":"https:\/\/www.locoxelrojo.com\/independiente\/wp-json\/wp\/v2\/types\/post"}],"author":[{"embeddable":true,"href":"https:\/\/www.locoxelrojo.com\/independiente\/wp-json\/wp\/v2\/users\/1"}],"replies":[{"embeddable":true,"href":"https:\/\/www.locoxelrojo.com\/independiente\/wp-json\/wp\/v2\/comments?post=5444"}],"version-history":[{"count":0,"href":"https:\/\/www.locoxelrojo.com\/independiente\/wp-json\/wp\/v2\/posts\/5444\/revisions"}],"wp:attachment":[{"href":"https:\/\/www.locoxelrojo.com\/independiente\/wp-json\/wp\/v2\/media?parent=5444"}],"wp:term":[{"taxonomy":"category","embeddable":true,"href":"https:\/\/www.locoxelrojo.com\/independiente\/wp-json\/wp\/v2\/categories?post=5444"},{"taxonomy":"post_tag","embeddable":true,"href":"https:\/\/www.locoxelrojo.com\/independiente\/wp-json\/wp\/v2\/tags?post=5444"}],"curies":[{"name":"wp","href":"https:\/\/api.w.org\/{rel}","templated":true}]}}