{"id":54469,"date":"2015-08-04T00:10:25","date_gmt":"2015-08-04T03:10:25","guid":{"rendered":"http:\/\/www.locoxelrojo.com\/independiente\/?p=54469"},"modified":"2015-08-04T02:07:21","modified_gmt":"2015-08-04T05:07:21","slug":"montana-valencia-dejo-de-concurrir-a-su-trabajo-y-no-lo-justifico","status":"publish","type":"post","link":"https:\/\/www.locoxelrojo.com\/independiente\/2015\/08\/04\/montana-valencia-dejo-de-concurrir-a-su-trabajo-y-no-lo-justifico\/","title":{"rendered":"Monta\u00f1a: \u201cValencia dej\u00f3 de concurrir a su trabajo y no lo justific\u00f3\u201d"},"content":{"rendered":"<p>El vicepresidente de Independiente, <strong>Carlos Monta\u00f1a<\/strong>, coment\u00f3 los detalles de la rescisi\u00f3n unilateral del contrato de <strong>Jos\u00e9 Valencia<\/strong> y aclar\u00f3 que el club procedi\u00f3 de manera correcta, cumpliendo todos los pasos legales. Adem\u00e1s, habl\u00f3 del acuerdo por las deudas con los bancos.<\/p>\n<p><strong>\u201cPrimero se lo intim\u00f3 al jugador por no concurrir al entrenamiento. Despu\u00e9s se procedi\u00f3 a la rescisi\u00f3n del contrato y eso se comunica a la AFA, y as\u00ed Independiente queda habilitado para hacer la habilitaci\u00f3n del Cebolla Rodr\u00edguez\u201d<\/strong>, explic\u00f3 el dirigente en los micr\u00f3fonos de M\u00e1s Rojo, y enseguida defendi\u00f3 la postura que tom\u00f3 el club con Valencia: <strong>\u201cNosotros cumplimos todos los pasos legales. El jugador tiene un contrato en el que se establecen cl\u00e1usulas, y al no presentarse en su lugar de trabajo durante una determinada cantidad de d\u00edas, la insituci\u00f3n toma el camino que le corresponde. En este caso, notificamos y rescindimos\u201d<\/strong>.<\/p>\n<p>Ante la posibilidad de que el colombiano lleve el caso a Tribunales, Monta\u00f1a afirm\u00f3 que <strong>\u201cla otra parte est\u00e1 en su derecho de hacer cualquier tipo de reclamo\u201d<\/strong>, pero subray\u00f3 que<strong> \u201cIndependiente tom\u00f3 esa decisi\u00f3n porque estaba m\u00e1s que habilitado para tomarla\u201d<\/strong>. Adem\u00e1s, revel\u00f3 que el delantero y su representante<strong> \u201cno han presentado ning\u00fan certificado m\u00e9dico\u201d<\/strong> que habilite a faltar a los entrenamientos.<\/p>\n<p>El vicepresidente se\u00f1al\u00f3 que la rescisi\u00f3n del v\u00ednculo con Valencia no estuvo atada a la llegada de Cristian Rodr\u00edguez, sino a que el futbolista no justific\u00f3 los faltazos:<strong> \u201cNo es que &#8216;no lo necesitamos m\u00e1s&#8217;, el jugador dej\u00f3 de concurrir a su lugar de trabajo. Se debe justificar la ausencia. Independiente lo intima por la cantidad de veces que no asisti\u00f3 y despu\u00e9s se toma el paso posterior, que es la desvinculaci\u00f3n\u201d<\/strong>. En la misma l\u00ednea, remarc\u00f3 que<strong> \u201cse le ofrecieron otras salidas al jugador\u201d<\/strong> cuando se supo que ya no tendr\u00eda m\u00e1s lugar en el plantel.<\/p>\n<p>Dejando de lado el f\u00fatbol, Monta\u00f1a confes\u00f3 que el club est\u00e1 a punto de llegar a un acuerdo con los Bancos Macro y Mariva, algunos de los acreedores m\u00e1s importantes del Rojo. <strong>\u201cEs una de las tareas m\u00e1s importantes, por el monto y por todo lo que conllev\u00f3 la deuda. Estamos muy cerca del acuerdo, en breve vamos a tener esa gran noticia. Nos va a sacar una carga m\u00e1s que importante en el pasivo\u201d<\/strong>, cerr\u00f3.<\/p>\n","protected":false},"excerpt":{"rendered":"<p>El vicepresidente de Independiente, Carlos Monta\u00f1a, coment\u00f3 los detalles de la rescisi\u00f3n unilateral del contrato de Jos\u00e9 Valencia y aclar\u00f3 que el club procedi\u00f3 de manera correcta, cumpliendo todos los pasos legales. Adem\u00e1s, habl\u00f3 del acuerdo por las deudas con los bancos. \u201cPrimero se lo intim\u00f3 al jugador por no concurrir al entrenamiento. Despu\u00e9s se [&hellip;]<\/p>\n","protected":false},"author":8,"featured_media":46944,"comment_status":"open","ping_status":"closed","sticky":false,"template":"","format":"standard","meta":{"_links_to":"","_links_to_target":""},"categories":[3,1],"tags":[2654,2887],"_links":{"self":[{"href":"https:\/\/www.locoxelrojo.com\/independiente\/wp-json\/wp\/v2\/posts\/54469"}],"collection":[{"href":"https:\/\/www.locoxelrojo.com\/independiente\/wp-json\/wp\/v2\/posts"}],"about":[{"href":"https:\/\/www.locoxelrojo.com\/independiente\/wp-json\/wp\/v2\/types\/post"}],"author":[{"embeddable":true,"href":"https:\/\/www.locoxelrojo.com\/independiente\/wp-json\/wp\/v2\/users\/8"}],"replies":[{"embeddable":true,"href":"https:\/\/www.locoxelrojo.com\/independiente\/wp-json\/wp\/v2\/comments?post=54469"}],"version-history":[{"count":0,"href":"https:\/\/www.locoxelrojo.com\/independiente\/wp-json\/wp\/v2\/posts\/54469\/revisions"}],"wp:featuredmedia":[{"embeddable":true,"href":"https:\/\/www.locoxelrojo.com\/independiente\/wp-json\/wp\/v2\/media\/46944"}],"wp:attachment":[{"href":"https:\/\/www.locoxelrojo.com\/independiente\/wp-json\/wp\/v2\/media?parent=54469"}],"wp:term":[{"taxonomy":"category","embeddable":true,"href":"https:\/\/www.locoxelrojo.com\/independiente\/wp-json\/wp\/v2\/categories?post=54469"},{"taxonomy":"post_tag","embeddable":true,"href":"https:\/\/www.locoxelrojo.com\/independiente\/wp-json\/wp\/v2\/tags?post=54469"}],"curies":[{"name":"wp","href":"https:\/\/api.w.org\/{rel}","templated":true}]}}