{"id":54494,"date":"2015-08-05T14:22:46","date_gmt":"2015-08-05T17:22:46","guid":{"rendered":"http:\/\/www.locoxelrojo.com\/independiente\/?p=54494"},"modified":"2015-08-05T19:54:10","modified_gmt":"2015-08-05T22:54:10","slug":"concentrados-vs-deportivo-espanol","status":"publish","type":"post","link":"https:\/\/www.locoxelrojo.com\/independiente\/2015\/08\/05\/concentrados-vs-deportivo-espanol\/","title":{"rendered":"Concentrados vs. Deportivo Espa\u00f1ol: afuera Mancuello y Pellerano"},"content":{"rendered":"<p>Mauricio Pellegrino dio a conocer la lista de 18 concentrados para el encuentro del pr\u00f3ximo viernes a las 18 en el estadio de Lan\u00fas ante Deportivo Espa\u00f1ol y <strong>las novedades pasan por las salidas de Federico Mancuello -lesi\u00f3n- y Hern\u00e1n Pellerano -contractura- respecto del partido frente a Col\u00f3n.<\/strong><\/p>\n<p>Con el equipo confirmado por el entrenador, no habr\u00e1 jugadores que queden afuera de la lista. <strong>El banco de suplentes estar\u00e1 conformado por Germ\u00e1n Montoya, Emanuel Aguilera, Claudio Aquino, Jorge Ort\u00edz, Jorge Pereyra D\u00edaz, Lucas Albertengo y Juan Mart\u00edn Lucero.<\/strong><\/p>\n<p><strong>Arqueros:<\/strong>\u00a0Diego Rodr\u00edguez, Germ\u00e1n Montoya.<\/p>\n<p><strong>Defensores:<\/strong>\u00a0Gustavo Toledo, V\u00edctor Cuesta, Mauricio Victorino, Emanuel Aguilera, Nicol\u00e1s Tagliafico, Emiliano Papa.<\/p>\n<p><strong>Volantes:<\/strong>\u00a0Juli\u00e1n Vitale, Mat\u00edas Pisano, Jes\u00fas M\u00e9ndez, Claudio Aquino, Jorge Ort\u00edz.<\/p>\n<p><strong>Delanteros<\/strong>: Mart\u00edn Ben\u00edtez, Jorge Pereyra D\u00edaz, Diego Vera, Lucas Albertengo,\u00a0Juan Mart\u00edn Lucero.<\/p>\n","protected":false},"excerpt":{"rendered":"<p>Mauricio Pellegrino dio a conocer la lista de 18 concentrados para el encuentro del pr\u00f3ximo viernes a las 18 en el estadio de Lan\u00fas ante Deportivo Espa\u00f1ol y las novedades pasan por las salidas de Federico Mancuello -lesi\u00f3n- y Hern\u00e1n Pellerano -contractura- respecto del partido frente a Col\u00f3n. Con el equipo confirmado por el entrenador, [&hellip;]<\/p>\n","protected":false},"author":11,"featured_media":54498,"comment_status":"open","ping_status":"closed","sticky":false,"template":"","format":"standard","meta":{"_links_to":"","_links_to_target":""},"categories":[3,1],"tags":[153,2993,2925,2166],"_links":{"self":[{"href":"https:\/\/www.locoxelrojo.com\/independiente\/wp-json\/wp\/v2\/posts\/54494"}],"collection":[{"href":"https:\/\/www.locoxelrojo.com\/independiente\/wp-json\/wp\/v2\/posts"}],"about":[{"href":"https:\/\/www.locoxelrojo.com\/independiente\/wp-json\/wp\/v2\/types\/post"}],"author":[{"embeddable":true,"href":"https:\/\/www.locoxelrojo.com\/independiente\/wp-json\/wp\/v2\/users\/11"}],"replies":[{"embeddable":true,"href":"https:\/\/www.locoxelrojo.com\/independiente\/wp-json\/wp\/v2\/comments?post=54494"}],"version-history":[{"count":0,"href":"https:\/\/www.locoxelrojo.com\/independiente\/wp-json\/wp\/v2\/posts\/54494\/revisions"}],"wp:featuredmedia":[{"embeddable":true,"href":"https:\/\/www.locoxelrojo.com\/independiente\/wp-json\/wp\/v2\/media\/54498"}],"wp:attachment":[{"href":"https:\/\/www.locoxelrojo.com\/independiente\/wp-json\/wp\/v2\/media?parent=54494"}],"wp:term":[{"taxonomy":"category","embeddable":true,"href":"https:\/\/www.locoxelrojo.com\/independiente\/wp-json\/wp\/v2\/categories?post=54494"},{"taxonomy":"post_tag","embeddable":true,"href":"https:\/\/www.locoxelrojo.com\/independiente\/wp-json\/wp\/v2\/tags?post=54494"}],"curies":[{"name":"wp","href":"https:\/\/api.w.org\/{rel}","templated":true}]}}