{"id":54685,"date":"2015-08-13T20:00:27","date_gmt":"2015-08-13T23:00:27","guid":{"rendered":"http:\/\/www.locoxelrojo.com\/independiente\/?p=54685"},"modified":"2015-08-13T23:54:56","modified_gmt":"2015-08-14T02:54:56","slug":"asi-llega-defensa-y-justicia","status":"publish","type":"post","link":"https:\/\/www.locoxelrojo.com\/independiente\/2015\/08\/13\/asi-llega-defensa-y-justicia\/","title":{"rendered":"As\u00ed llega Defensa y Justicia"},"content":{"rendered":"<p><strong>Defensa y Justicia ser\u00e1 el pr\u00f3ximo rival de Independiente<\/strong> por la 20\u00b0 fecha del Torneo de Primera Divisi\u00f3n 2015. El equipo de Varela viene en levantada con <strong>dos victorias consecutivas<\/strong> y quiere seguir de racha.<\/p>\n<p>En lo que va del campeonato, <strong>el Halc\u00f3n se ubica en el 24\u00b0 puesto de la tabla con apenas 18 puntos, producto de 4 victorias, 6 empates y 8 derrotas<\/strong>. En su \u00faltimo partido por el torneo, <strong>venci\u00f3 como visitante a Lan\u00fas por 1 a 0<\/strong> con gol de Julio Rodr\u00edguez en tiempo de descuento. Sin embargo, <strong>su \u00faltima presentaci\u00f3n fue por Copa Argentina, donde venci\u00f3 a Temperley por penales en cancha de Racing<\/strong>.<\/p>\n<p>Para este encuentro, el t\u00e9cnico Ariel Holan mantiene una sola duda, ya que el delantero <strong>Julio Rodr\u00edguez arrastra una molestia que lo imposibilit\u00f3 entrenarse con normalidad, aunque lo esperar\u00e1n hasta \u00faltimo momento<\/strong>. En caso de que no pueda estar desde el arranque, <strong>Juan S\u00e1nchez Sotelo ser\u00e1 su reemplazo<\/strong>.<\/p>\n<p>Los once de Defensa y Justicia ser\u00edan <strong>Gabriel Arias; Dami\u00e1n Mart\u00ednez, Esteban Saveljich, Emir Faccioli, Rafael Delgado; Walter Busse, Ignacio Rivero, Marcelo Ben\u00edtez; Ciro Rius, Juan S\u00e1nchez Sotelo o Julio Rodr\u00edguez y Eugenio Isnaldo<\/strong>.<\/p>\n<p>Adem\u00e1s, estar\u00e1n en el banco de suplentes <strong>Pablo Santillo, Carlos Matheu -ex Independiente-, Nery Leyes, Emiliano Tellechea, Fabio \u00c1lvarez y Mariano Barbieri<\/strong>.<\/p>\n","protected":false},"excerpt":{"rendered":"<p>Defensa y Justicia ser\u00e1 el pr\u00f3ximo rival de Independiente por la 20\u00b0 fecha del Torneo de Primera Divisi\u00f3n 2015. El equipo de Varela viene en levantada con dos victorias consecutivas y quiere seguir de racha. En lo que va del campeonato, el Halc\u00f3n se ubica en el 24\u00b0 puesto de la tabla con apenas 18 [&hellip;]<\/p>\n","protected":false},"author":14,"featured_media":54686,"comment_status":"open","ping_status":"closed","sticky":false,"template":"","format":"standard","meta":{"_links_to":"","_links_to_target":""},"categories":[1990,3,1],"tags":[896,3275,2844],"_links":{"self":[{"href":"https:\/\/www.locoxelrojo.com\/independiente\/wp-json\/wp\/v2\/posts\/54685"}],"collection":[{"href":"https:\/\/www.locoxelrojo.com\/independiente\/wp-json\/wp\/v2\/posts"}],"about":[{"href":"https:\/\/www.locoxelrojo.com\/independiente\/wp-json\/wp\/v2\/types\/post"}],"author":[{"embeddable":true,"href":"https:\/\/www.locoxelrojo.com\/independiente\/wp-json\/wp\/v2\/users\/14"}],"replies":[{"embeddable":true,"href":"https:\/\/www.locoxelrojo.com\/independiente\/wp-json\/wp\/v2\/comments?post=54685"}],"version-history":[{"count":0,"href":"https:\/\/www.locoxelrojo.com\/independiente\/wp-json\/wp\/v2\/posts\/54685\/revisions"}],"wp:featuredmedia":[{"embeddable":true,"href":"https:\/\/www.locoxelrojo.com\/independiente\/wp-json\/wp\/v2\/media\/54686"}],"wp:attachment":[{"href":"https:\/\/www.locoxelrojo.com\/independiente\/wp-json\/wp\/v2\/media?parent=54685"}],"wp:term":[{"taxonomy":"category","embeddable":true,"href":"https:\/\/www.locoxelrojo.com\/independiente\/wp-json\/wp\/v2\/categories?post=54685"},{"taxonomy":"post_tag","embeddable":true,"href":"https:\/\/www.locoxelrojo.com\/independiente\/wp-json\/wp\/v2\/tags?post=54685"}],"curies":[{"name":"wp","href":"https:\/\/api.w.org\/{rel}","templated":true}]}}