{"id":5471,"date":"2011-03-05T18:14:54","date_gmt":"2011-03-05T20:14:54","guid":{"rendered":"http:\/\/www.locoxelrojo.com.ar\/independiente\/?p=5471"},"modified":"2011-03-05T17:15:50","modified_gmt":"2011-03-05T20:15:50","slug":"defederico-ganar-como-sea","status":"publish","type":"post","link":"https:\/\/www.locoxelrojo.com\/independiente\/2011\/03\/05\/defederico-ganar-como-sea\/","title":{"rendered":"Defederico: &#8220;Ganar como sea&#8221;"},"content":{"rendered":"<p><a href=\"http:\/\/www.locoxelrojo.com.ar\/independiente\/wp-content\/uploads\/2011\/03\/defederico.jpg\"><img loading=\"lazy\" class=\"alignnone size-full wp-image-5472\" title=\"defederico\" src=\"http:\/\/www.locoxelrojo.com.ar\/independiente\/wp-content\/uploads\/2011\/03\/defederico.jpg\" alt=\"\" width=\"590\" height=\"315\" srcset=\"https:\/\/locoxelrojo.com\/independiente\/wp-content\/uploads\/2011\/03\/defederico.jpg 590w, https:\/\/locoxelrojo.com\/independiente\/wp-content\/uploads\/2011\/03\/defederico-300x160.jpg 300w\" sizes=\"(max-width: 590px) 100vw, 590px\" \/><\/a><\/p>\n<p>Mat\u00edas Defederico dialog\u00f3 con la prensa terminado el entrenamiento. El ex Hurac\u00e1n y Corinthians pidi\u00f3 tranquilidad y espera demostrar el nivel que tuvo en la presentaci\u00f3n con Independiente. Desde su punto de vista, el partido del lunes <strong>&#8220;es clave para para sumar de a 3 y salir del fondo, tenemos que estar tranquilos en la locura que se vive. La cancha es chica y se va a plantear un partido parecido a Argentinos, hay que ganar como sea para salir de este momento&#8221;.<\/strong><\/p>\n<p>Sobre el rendimiento personal, Defederico explic\u00f3: <strong>&#8220;necesito volver a agarrar la confianza del principio, pasan los partidos y s\u00e9 que no me est\u00e1n saliendo las cosas bien; espero despegar el lunes&#8221;.<\/strong> El delantero, confes\u00f3 que pesa la racha negativa a la hora de salir a la cancha y por eso hay que revertirla como sea. <strong>&#8220;Los 12 partidos sin ganar pesan porque necesitamos ganar en este momento para que se deje de hablar todo lo que se habla y trabajar en la semana m\u00e1s tranquilos y distendidos&#8221;.<\/strong><\/p>\n<p>Defederico, critic\u00f3 sin que nadie se lo preguntase ciertos dichos con mala intenci\u00f3n por parte del periodismo. Suponemos, por las supuestas internas en el plantel o por los malos resultados del equipo (fueron 2 por ahora y hay que tener en cuenta que 1 fue en la alutra).<strong> &#8220;El trabajo de cada uno es este&#8221;<\/strong>, comenz\u00f3 dici\u00e9ndonos. Y luego agreg\u00f3:\u00a0 <strong>&#8220;hay que pensar que somos humanos, nos equivocamos y atr\u00e1s del jugador hay familia. Entiendo su trabajo pero nosotros no podemos criticar a nadie pero ellos a nosotros s\u00ed y eso me parece injusto&#8221;.<\/strong><\/p>\n<p>Volviendo a lo futbol\u00edstico, Defederico entiende que<strong> &#8220;estamos cometiendo varios errores, hay que ajustarlos y concentrarnos para obtener mejores resultados. Son momentos y cuando te vienen son todas juntas a favor o en contra. Hay que pasar este momento y las buenas ya van a llegar, con tranquilidad y sin desesperarse&#8221;<\/strong>, concluy\u00f3.<\/p>\n<p><object style=\"height: 315px; width: 590px;\" classid=\"clsid:d27cdb6e-ae6d-11cf-96b8-444553540000\" width=\"100\" height=\"100\" codebase=\"http:\/\/download.macromedia.com\/pub\/shockwave\/cabs\/flash\/swflash.cab#version=6,0,40,0\"><param name=\"allowFullScreen\" value=\"true\" \/><param name=\"allowScriptAccess\" value=\"always\" \/><param name=\"src\" value=\"http:\/\/www.youtube.com\/v\/5rcBRTikQpo?version=3\" \/><param name=\"allowfullscreen\" value=\"true\" \/><embed style=\"height: 315px; width: 590px;\" type=\"application\/x-shockwave-flash\" width=\"100\" height=\"100\" src=\"http:\/\/www.youtube.com\/v\/5rcBRTikQpo?version=3\" allowscriptaccess=\"always\" allowfullscreen=\"true\"><\/embed><\/object><\/p>\n","protected":false},"excerpt":{"rendered":"<p>Mat\u00edas Defederico dialog\u00f3 con la prensa terminado el entrenamiento. El ex Hurac\u00e1n y Corinthians pidi\u00f3 tranquilidad y espera demostrar el nivel que tuvo en la presentaci\u00f3n con Independiente. Desde su punto de vista, el partido del lunes &#8220;es clave para para sumar de a 3 y salir del fondo, tenemos que estar tranquilos en la [&hellip;]<\/p>\n","protected":false},"author":1,"featured_media":0,"comment_status":"open","ping_status":"open","sticky":false,"template":"","format":"standard","meta":{"_links_to":"","_links_to_target":""},"categories":[3,1],"tags":[153,379],"_links":{"self":[{"href":"https:\/\/www.locoxelrojo.com\/independiente\/wp-json\/wp\/v2\/posts\/5471"}],"collection":[{"href":"https:\/\/www.locoxelrojo.com\/independiente\/wp-json\/wp\/v2\/posts"}],"about":[{"href":"https:\/\/www.locoxelrojo.com\/independiente\/wp-json\/wp\/v2\/types\/post"}],"author":[{"embeddable":true,"href":"https:\/\/www.locoxelrojo.com\/independiente\/wp-json\/wp\/v2\/users\/1"}],"replies":[{"embeddable":true,"href":"https:\/\/www.locoxelrojo.com\/independiente\/wp-json\/wp\/v2\/comments?post=5471"}],"version-history":[{"count":0,"href":"https:\/\/www.locoxelrojo.com\/independiente\/wp-json\/wp\/v2\/posts\/5471\/revisions"}],"wp:attachment":[{"href":"https:\/\/www.locoxelrojo.com\/independiente\/wp-json\/wp\/v2\/media?parent=5471"}],"wp:term":[{"taxonomy":"category","embeddable":true,"href":"https:\/\/www.locoxelrojo.com\/independiente\/wp-json\/wp\/v2\/categories?post=5471"},{"taxonomy":"post_tag","embeddable":true,"href":"https:\/\/www.locoxelrojo.com\/independiente\/wp-json\/wp\/v2\/tags?post=5471"}],"curies":[{"name":"wp","href":"https:\/\/api.w.org\/{rel}","templated":true}]}}