{"id":5475,"date":"2011-03-05T17:33:10","date_gmt":"2011-03-05T20:33:10","guid":{"rendered":"http:\/\/www.locoxelrojo.com.ar\/independiente\/?p=5475"},"modified":"2011-03-05T17:33:10","modified_gmt":"2011-03-05T20:33:10","slug":"navarro-yo-estoy-para-jugar","status":"publish","type":"post","link":"https:\/\/www.locoxelrojo.com\/independiente\/2011\/03\/05\/navarro-yo-estoy-para-jugar\/","title":{"rendered":"Navarro: &#8220;Yo estoy para jugar&#8221;"},"content":{"rendered":"<p><a href=\"http:\/\/www.locoxelrojo.com.ar\/independiente\/wp-content\/uploads\/2011\/03\/Hilario_Navarro.jpg\"><img loading=\"lazy\" class=\"alignnone size-full wp-image-5476\" title=\"Hilario_Navarro\" src=\"http:\/\/www.locoxelrojo.com.ar\/independiente\/wp-content\/uploads\/2011\/03\/Hilario_Navarro.jpg\" alt=\"\" width=\"590\" height=\"315\" srcset=\"https:\/\/locoxelrojo.com\/independiente\/wp-content\/uploads\/2011\/03\/Hilario_Navarro.jpg 590w, https:\/\/locoxelrojo.com\/independiente\/wp-content\/uploads\/2011\/03\/Hilario_Navarro-300x160.jpg 300w\" sizes=\"(max-width: 590px) 100vw, 590px\" \/><\/a><\/p>\n<p>Hilario Navarro aclar\u00f3 que est\u00e1 en condiciones f\u00edsicas de afrontar el partido del lunes luego del choque que tuvo durante el entrenamiento y ya recuperado de su luxaci\u00f3n en los dedos de la mano. <strong>&#8220;Yo estoy para jugar, concentro y si el turco decide contar conmigo estoy dispuesto&#8221;<\/strong>, aclar\u00f3.<\/p>\n<p>Si bien no viaj\u00f3, el arquero opin\u00f3 sobre el partido frente a Liga de Quito. <strong>&#8220;Sab\u00edamos que la Liga era un partido dif\u00edcil de antemano. No se pudo pero se jug\u00f3 un muy buen primer tiempo. No conseguimos un resultado pero hay que pensar en el torneo local porque hay que sacar puntos. Los que entramos a la cancha queremos ganar<\/strong>&#8220;, asegur\u00f3.<\/p>\n<p>Sobre la elecci\u00f3n de una prioridad, el &#8220;flaco&#8221; prefiri\u00f3 entender al equipo como un grupo con el mismo objetivo en todos los casos: ganar. &#8220;<strong>Yo no s\u00e9 si la prioridad es el torneo, el equipo que entra a jugar el torneo local o la Copa quiere ganar, nadie entra a perder y se ir\u00e1 viendo que sucede<\/strong>&#8220;, concluy\u00f3.<\/p>\n<p><em><strong>Mir\u00e1 el video:<\/strong><\/em><\/p>\n<p><object style=\"height: 315px; width: 590px\"><param name=\"movie\" value=\"http:\/\/www.youtube.com\/v\/n1XllKkTAAs?version=3\"><param name=\"allowFullScreen\" value=\"true\"><param name=\"allowScriptAccess\" value=\"always\"><embed src=\"http:\/\/www.youtube.com\/v\/n1XllKkTAAs?version=3\" type=\"application\/x-shockwave-flash\" allowfullscreen=\"true\" allowScriptAccess=\"always\" width=\"590\" height=\"315\"><\/object><\/p>\n","protected":false},"excerpt":{"rendered":"<p>Hilario Navarro aclar\u00f3 que est\u00e1 en condiciones f\u00edsicas de afrontar el partido del lunes luego del choque que tuvo durante el entrenamiento y ya recuperado de su luxaci\u00f3n en los dedos de la mano. &#8220;Yo estoy para jugar, concentro y si el turco decide contar conmigo estoy dispuesto&#8221;, aclar\u00f3. Si bien no viaj\u00f3, el arquero [&hellip;]<\/p>\n","protected":false},"author":1,"featured_media":0,"comment_status":"open","ping_status":"open","sticky":false,"template":"","format":"standard","meta":{"_links_to":"","_links_to_target":""},"categories":[3,1],"tags":[115,153,76],"_links":{"self":[{"href":"https:\/\/www.locoxelrojo.com\/independiente\/wp-json\/wp\/v2\/posts\/5475"}],"collection":[{"href":"https:\/\/www.locoxelrojo.com\/independiente\/wp-json\/wp\/v2\/posts"}],"about":[{"href":"https:\/\/www.locoxelrojo.com\/independiente\/wp-json\/wp\/v2\/types\/post"}],"author":[{"embeddable":true,"href":"https:\/\/www.locoxelrojo.com\/independiente\/wp-json\/wp\/v2\/users\/1"}],"replies":[{"embeddable":true,"href":"https:\/\/www.locoxelrojo.com\/independiente\/wp-json\/wp\/v2\/comments?post=5475"}],"version-history":[{"count":0,"href":"https:\/\/www.locoxelrojo.com\/independiente\/wp-json\/wp\/v2\/posts\/5475\/revisions"}],"wp:attachment":[{"href":"https:\/\/www.locoxelrojo.com\/independiente\/wp-json\/wp\/v2\/media?parent=5475"}],"wp:term":[{"taxonomy":"category","embeddable":true,"href":"https:\/\/www.locoxelrojo.com\/independiente\/wp-json\/wp\/v2\/categories?post=5475"},{"taxonomy":"post_tag","embeddable":true,"href":"https:\/\/www.locoxelrojo.com\/independiente\/wp-json\/wp\/v2\/tags?post=5475"}],"curies":[{"name":"wp","href":"https:\/\/api.w.org\/{rel}","templated":true}]}}