{"id":54801,"date":"2015-08-17T20:50:36","date_gmt":"2015-08-17T23:50:36","guid":{"rendered":"http:\/\/www.locoxelrojo.com\/independiente\/?p=54801"},"modified":"2015-10-18T00:46:47","modified_gmt":"2015-10-18T03:46:47","slug":"concentrados-vs-lanus-mancuello-sigue-afuera","status":"publish","type":"post","link":"https:\/\/www.locoxelrojo.com\/independiente\/2015\/08\/17\/concentrados-vs-lanus-mancuello-sigue-afuera\/","title":{"rendered":"Concentrados vs. Lan\u00fas: Mancuello sigue afuera"},"content":{"rendered":"<p>Mauricio Pellegrino dio a conocer la lista de <strong>21 citados<\/strong> para el partido del mi\u00e9rcoles ante Lan\u00fas por Copa Argentina. <strong>Federico Mancuello se resinti\u00f3 de su lesi\u00f3n, no lleg\u00f3 a recuperarse y qued\u00f3 descartado nuevamente<\/strong>.<\/p>\n<p>Los \u00fanicos cambios con respecto a la n\u00f3mina de\u00a0convocados ante Defensa y Justicia son <strong>los ingresos de Emanuel Aguilera y Franco Bellocq<\/strong>. Los dem\u00e1s, son los mismos que concentraron frente al Halc\u00f3n.<\/p>\n<p>&nbsp;<\/p>\n<p><strong><span style=\"text-decoration: underline;\">La lista de concentrados<\/span><\/strong><\/p>\n<p><strong>Arqueros:<\/strong>\u00a0Diego Rodr\u00edguez \u2013 Germ\u00e1n Montoya.<\/p>\n<p><strong>Defensores:\u00a0<\/strong>Gustavo Toledo \u2013 Hern\u00e1n Pellerano \u2013 Mauricio Victorino \u2013 Emanuel Aguilera \u2013 V\u00edctor Cuesta \u2013 Nicol\u00e1s Tagliafico \u2013 Emiliano Papa.<\/p>\n<p><strong>Mediocampistas:<\/strong> Jes\u00fas M\u00e9ndez \u2013 Juli\u00e1n Vitale \u2013 Franco Bellocq \u2013 Jorge Ort\u00edz \u2013 Mat\u00edas Pisano \u2013 Cristian Rodr\u00edguez &#8211; Claudio Aquino.<\/p>\n<p><strong>Delanteros:\u00a0<\/strong>Lucas Albertengo \u2013 Juan Lucero &#8211; Jorge Pereyra D\u00edaz \u2013 Mart\u00edn Ben\u00edtez \u2013 Diego Vera.<\/p>\n","protected":false},"excerpt":{"rendered":"<p>Mauricio Pellegrino dio a conocer la lista de 21 citados para el partido del mi\u00e9rcoles ante Lan\u00fas por Copa Argentina. Federico Mancuello se resinti\u00f3 de su lesi\u00f3n, no lleg\u00f3 a recuperarse y qued\u00f3 descartado nuevamente. Los \u00fanicos cambios con respecto a la n\u00f3mina de\u00a0convocados ante Defensa y Justicia son los ingresos de Emanuel Aguilera y [&hellip;]<\/p>\n","protected":false},"author":8,"featured_media":54805,"comment_status":"open","ping_status":"closed","sticky":false,"template":"","format":"standard","meta":{"_links_to":"","_links_to_target":""},"categories":[800,3,1],"tags":[153,3023,2925],"_links":{"self":[{"href":"https:\/\/www.locoxelrojo.com\/independiente\/wp-json\/wp\/v2\/posts\/54801"}],"collection":[{"href":"https:\/\/www.locoxelrojo.com\/independiente\/wp-json\/wp\/v2\/posts"}],"about":[{"href":"https:\/\/www.locoxelrojo.com\/independiente\/wp-json\/wp\/v2\/types\/post"}],"author":[{"embeddable":true,"href":"https:\/\/www.locoxelrojo.com\/independiente\/wp-json\/wp\/v2\/users\/8"}],"replies":[{"embeddable":true,"href":"https:\/\/www.locoxelrojo.com\/independiente\/wp-json\/wp\/v2\/comments?post=54801"}],"version-history":[{"count":0,"href":"https:\/\/www.locoxelrojo.com\/independiente\/wp-json\/wp\/v2\/posts\/54801\/revisions"}],"wp:featuredmedia":[{"embeddable":true,"href":"https:\/\/www.locoxelrojo.com\/independiente\/wp-json\/wp\/v2\/media\/54805"}],"wp:attachment":[{"href":"https:\/\/www.locoxelrojo.com\/independiente\/wp-json\/wp\/v2\/media?parent=54801"}],"wp:term":[{"taxonomy":"category","embeddable":true,"href":"https:\/\/www.locoxelrojo.com\/independiente\/wp-json\/wp\/v2\/categories?post=54801"},{"taxonomy":"post_tag","embeddable":true,"href":"https:\/\/www.locoxelrojo.com\/independiente\/wp-json\/wp\/v2\/tags?post=54801"}],"curies":[{"name":"wp","href":"https:\/\/api.w.org\/{rel}","templated":true}]}}