{"id":5484,"date":"2011-03-05T23:41:04","date_gmt":"2011-03-06T02:41:04","guid":{"rendered":"http:\/\/www.locoxelrojo.com.ar\/independiente\/?p=5484"},"modified":"2015-09-09T20:54:53","modified_gmt":"2015-09-09T23:54:53","slug":"terna-arbitral-vs-godoy-cruz","status":"publish","type":"post","link":"https:\/\/www.locoxelrojo.com\/independiente\/2011\/03\/05\/terna-arbitral-vs-godoy-cruz\/","title":{"rendered":"Loustau ser\u00e1 el juez ante Godoy Cruz en la Libertadores"},"content":{"rendered":"<p><a href=\"http:\/\/www.locoxelrojo.com.ar\/independiente\/wp-content\/uploads\/2011\/03\/Patricio_Loustau.jpg\"><img loading=\"lazy\" class=\"alignnone size-full wp-image-5485\" title=\"Patricio_Loustau\" src=\"http:\/\/www.locoxelrojo.com.ar\/independiente\/wp-content\/uploads\/2011\/03\/Patricio_Loustau.jpg\" alt=\"\" width=\"590\" height=\"315\" srcset=\"https:\/\/locoxelrojo.com\/independiente\/wp-content\/uploads\/2011\/03\/Patricio_Loustau.jpg 590w, https:\/\/locoxelrojo.com\/independiente\/wp-content\/uploads\/2011\/03\/Patricio_Loustau-300x160.jpg 300w\" sizes=\"(max-width: 590px) 100vw, 590px\" \/><\/a><\/p>\n<p>La 3\u00ba fecha de la Copa Libertadores ya ten\u00eda fecha y hora -jueves 21:45 en el Libertadores de Am\u00e9rica-; ahora, tambi\u00e9n tiene terna arbitral. La\u00a0 CONMEBOL dio a conocer el cronograma de arbitrajes y el encargado de pitar ser\u00e1 Patricio Loustau junto a Juan Belatti y Gustavo Rossi.<\/p>\n<p>Durante el Apertura 2010 Loustau dirigi\u00f3 a Independiente solo en una presentaci\u00f3n y el resultado fue empate. En tanto, a\u00fan no lo ha hecho por torneos AFA en lo que va del 2011 y ser\u00e1 la primera vez que le toque dirigir al rojo en un cert\u00e1men internacional.<\/p>\n<p>En lo que va del 2011 Loustau acumula 1 victoria para el equipo que actu\u00f3 en condici\u00f3n de local, un empate y una victoria para el visitante. En tanto, durante el Apertura 2010 dirigi\u00f3 15 partidos con 10 victorias locales y 5 empates.<\/p>\n","protected":false},"excerpt":{"rendered":"<p>La 3\u00ba fecha de la Copa Libertadores ya ten\u00eda fecha y hora -jueves 21:45 en el Libertadores de Am\u00e9rica-; ahora, tambi\u00e9n tiene terna arbitral. La\u00a0 CONMEBOL dio a conocer el cronograma de arbitrajes y el encargado de pitar ser\u00e1 Patricio Loustau junto a Juan Belatti y Gustavo Rossi. Durante el Apertura 2010 Loustau dirigi\u00f3 a [&hellip;]<\/p>\n","protected":false},"author":1,"featured_media":0,"comment_status":"open","ping_status":"open","sticky":false,"template":"","format":"standard","meta":{"_links_to":"","_links_to_target":""},"categories":[494,3,1],"tags":[153,364,571,270],"_links":{"self":[{"href":"https:\/\/www.locoxelrojo.com\/independiente\/wp-json\/wp\/v2\/posts\/5484"}],"collection":[{"href":"https:\/\/www.locoxelrojo.com\/independiente\/wp-json\/wp\/v2\/posts"}],"about":[{"href":"https:\/\/www.locoxelrojo.com\/independiente\/wp-json\/wp\/v2\/types\/post"}],"author":[{"embeddable":true,"href":"https:\/\/www.locoxelrojo.com\/independiente\/wp-json\/wp\/v2\/users\/1"}],"replies":[{"embeddable":true,"href":"https:\/\/www.locoxelrojo.com\/independiente\/wp-json\/wp\/v2\/comments?post=5484"}],"version-history":[{"count":0,"href":"https:\/\/www.locoxelrojo.com\/independiente\/wp-json\/wp\/v2\/posts\/5484\/revisions"}],"wp:attachment":[{"href":"https:\/\/www.locoxelrojo.com\/independiente\/wp-json\/wp\/v2\/media?parent=5484"}],"wp:term":[{"taxonomy":"category","embeddable":true,"href":"https:\/\/www.locoxelrojo.com\/independiente\/wp-json\/wp\/v2\/categories?post=5484"},{"taxonomy":"post_tag","embeddable":true,"href":"https:\/\/www.locoxelrojo.com\/independiente\/wp-json\/wp\/v2\/tags?post=5484"}],"curies":[{"name":"wp","href":"https:\/\/api.w.org\/{rel}","templated":true}]}}