{"id":55253,"date":"2015-09-04T14:29:34","date_gmt":"2015-09-04T17:29:34","guid":{"rendered":"http:\/\/www.locoxelrojo.com\/independiente\/?p=55253"},"modified":"2015-09-04T14:29:34","modified_gmt":"2015-09-04T17:29:34","slug":"ya-estan-los-once","status":"publish","type":"post","link":"https:\/\/www.locoxelrojo.com\/independiente\/2015\/09\/04\/ya-estan-los-once\/","title":{"rendered":"Ya est\u00e1n los once"},"content":{"rendered":"<p>El plantel de Independiente se entren\u00f3 por \u00faltima vez de cara al partido ante Hurac\u00e1n. En Villa Dom\u00ednico, <strong>Mauricio Pellegrino termin\u00f3 de definir a los once que jugar\u00e1n el s\u00e1bado<\/strong> desde las 18:10 en Parque Patricios.<\/p>\n<p>La duda principal del entrenador pasaba por la presencia de <strong>Lucas Albertengo<\/strong>, quien ten\u00eda una molestia en el pubis. Sin embargo, el goleador <strong>fue titular en el ensayo de este viernes y acompa\u00f1ar\u00e1 a Diego Vera en el ataque, relegando a Mat\u00edas Pisano a seguir en el banco de suplentes<\/strong>.<\/p>\n<p>Pasando en limpio, habr\u00e1 tres variantes con respecto al partido ante Estudiantes, con cambio de esquema incluido:<strong> saldr\u00e1n del equipo Juli\u00e1n Vitale, Cristian Rodr\u00edguez y Claudio Aquino, e\u00a0ingresar\u00e1n Jorge Ort\u00edz, Juan Manuel Trejo y Albertengo<\/strong>, formando un 4-4-2.<\/p>\n<p>Los once que par\u00f3 el DT en Villa Dom\u00ednico -y que saldr\u00e1n a la cancha ante Hurac\u00e1n- fueron\u00a0<strong style=\"color: #000000;\">Diego Rodr\u00edguez; Gustavo Toledo, Hern\u00e1n Pellerano, V\u00edctor Cuesta, Nicol\u00e1s Tagliafico; Mart\u00edn Ben\u00edtez, Ort\u00edz, Jes\u00fas M\u00e9ndez, Trejo; Albertengo y Vera.<\/strong><\/p>\n","protected":false},"excerpt":{"rendered":"<p>El plantel de Independiente se entren\u00f3 por \u00faltima vez de cara al partido ante Hurac\u00e1n. En Villa Dom\u00ednico, Mauricio Pellegrino termin\u00f3 de definir a los once que jugar\u00e1n el s\u00e1bado desde las 18:10 en Parque Patricios. La duda principal del entrenador pasaba por la presencia de Lucas Albertengo, quien ten\u00eda una molestia en el pubis. [&hellip;]<\/p>\n","protected":false},"author":8,"featured_media":55255,"comment_status":"open","ping_status":"closed","sticky":false,"template":"","format":"standard","meta":{"_links_to":"","_links_to_target":""},"categories":[3,1],"tags":[26,2969,1386,2839,172],"_links":{"self":[{"href":"https:\/\/www.locoxelrojo.com\/independiente\/wp-json\/wp\/v2\/posts\/55253"}],"collection":[{"href":"https:\/\/www.locoxelrojo.com\/independiente\/wp-json\/wp\/v2\/posts"}],"about":[{"href":"https:\/\/www.locoxelrojo.com\/independiente\/wp-json\/wp\/v2\/types\/post"}],"author":[{"embeddable":true,"href":"https:\/\/www.locoxelrojo.com\/independiente\/wp-json\/wp\/v2\/users\/8"}],"replies":[{"embeddable":true,"href":"https:\/\/www.locoxelrojo.com\/independiente\/wp-json\/wp\/v2\/comments?post=55253"}],"version-history":[{"count":0,"href":"https:\/\/www.locoxelrojo.com\/independiente\/wp-json\/wp\/v2\/posts\/55253\/revisions"}],"wp:featuredmedia":[{"embeddable":true,"href":"https:\/\/www.locoxelrojo.com\/independiente\/wp-json\/wp\/v2\/media\/55255"}],"wp:attachment":[{"href":"https:\/\/www.locoxelrojo.com\/independiente\/wp-json\/wp\/v2\/media?parent=55253"}],"wp:term":[{"taxonomy":"category","embeddable":true,"href":"https:\/\/www.locoxelrojo.com\/independiente\/wp-json\/wp\/v2\/categories?post=55253"},{"taxonomy":"post_tag","embeddable":true,"href":"https:\/\/www.locoxelrojo.com\/independiente\/wp-json\/wp\/v2\/tags?post=55253"}],"curies":[{"name":"wp","href":"https:\/\/api.w.org\/{rel}","templated":true}]}}