{"id":55256,"date":"2015-09-04T17:00:46","date_gmt":"2015-09-04T20:00:46","guid":{"rendered":"http:\/\/www.locoxelrojo.com\/independiente\/?p=55256"},"modified":"2015-09-04T20:58:05","modified_gmt":"2015-09-04T23:58:05","slug":"christian-ortiz-se-suma-a-la-lista-de-concentrados","status":"publish","type":"post","link":"https:\/\/www.locoxelrojo.com\/independiente\/2015\/09\/04\/christian-ortiz-se-suma-a-la-lista-de-concentrados\/","title":{"rendered":"Christian Ort\u00edz se suma a la lista de concentrados"},"content":{"rendered":"<p>Despu\u00e9s de la pr\u00e1ctica de este viernes, <strong>Christian Ort\u00edz\u00a0se sum\u00f3 a la lista de concentrados de Independiente para el partido ante Hurac\u00e1n<\/strong>.\u00a0Ahora los citados son 19, por lo que uno quedar\u00e1 afuera del banco de suplentes.<\/p>\n<p>Mauricio Pellegrino hab\u00eda confirmado la n\u00f3mina de 18 convocados tras el entrenamiento del jueves, con las bajas de Cristian Rodr\u00edguez y Claudio Aquino por lesi\u00f3n. Sin embargo,\u00a0un d\u00eda despu\u00e9s decidi\u00f3 <strong>agregar a Titi Ort\u00edz,\u00a0quien viene de\u00a0anotar los dos goles de\u00a0la Reserva\u00a0en la ca\u00edda 3-2 ante Estudiantes<\/strong>.<\/p>\n<p><strong>El\u00a0\u00faltimo partido del volante con la Primera del Rojo fue\u00a0ante Alianza de Coronel Moldes<\/strong>. Ese d\u00eda, salt\u00f3 a la cancha en el complemento\u00a0y\u00a0<strong>marc\u00f3 el 1-1 ag\u00f3nico<\/strong> que llev\u00f3 la serie a los penales, donde el equipo sell\u00f3 la victoria.<\/p>\n<p><span style=\"text-decoration: underline;\"><strong>Los 19 citados frente al Globo<\/strong><\/span><\/p>\n<p><strong>Arqueros:<\/strong>\u00a0Diego Rodr\u00edguez y Germ\u00e1n Montoya.<\/p>\n<p><strong>Defensores:<\/strong>\u00a0Gustavo Toledo, Mauricio Victorino, Hern\u00e1n Pellerano, V\u00edctor Cuesta, Nicol\u00e1s Tagliafico y Emiliano Papa.<\/p>\n<p><strong>Mediocampistas:<\/strong>\u00a0Juli\u00e1n Vitale, Jorge Ort\u00edz, Jes\u00fas M\u00e9ndez, Mat\u00edas Pisano,\u00a0Juan Manuel Trejo y Christian Ort\u00edz.<\/p>\n<p><strong>Delanteros:<\/strong>\u00a0Mart\u00edn Ben\u00edtez, Lucas Albertengo, Diego Vera, Juan Mart\u00edn Lucero y Jorge Pereyra D\u00edaz.<\/p>\n","protected":false},"excerpt":{"rendered":"<p>Despu\u00e9s de la pr\u00e1ctica de este viernes, Christian Ort\u00edz\u00a0se sum\u00f3 a la lista de concentrados de Independiente para el partido ante Hurac\u00e1n.\u00a0Ahora los citados son 19, por lo que uno quedar\u00e1 afuera del banco de suplentes. Mauricio Pellegrino hab\u00eda confirmado la n\u00f3mina de 18 convocados tras el entrenamiento del jueves, con las bajas de Cristian [&hellip;]<\/p>\n","protected":false},"author":8,"featured_media":55258,"comment_status":"open","ping_status":"closed","sticky":false,"template":"","format":"standard","meta":{"_links_to":"","_links_to_target":""},"categories":[3,1],"tags":[2356,153,2024,310,2844],"_links":{"self":[{"href":"https:\/\/www.locoxelrojo.com\/independiente\/wp-json\/wp\/v2\/posts\/55256"}],"collection":[{"href":"https:\/\/www.locoxelrojo.com\/independiente\/wp-json\/wp\/v2\/posts"}],"about":[{"href":"https:\/\/www.locoxelrojo.com\/independiente\/wp-json\/wp\/v2\/types\/post"}],"author":[{"embeddable":true,"href":"https:\/\/www.locoxelrojo.com\/independiente\/wp-json\/wp\/v2\/users\/8"}],"replies":[{"embeddable":true,"href":"https:\/\/www.locoxelrojo.com\/independiente\/wp-json\/wp\/v2\/comments?post=55256"}],"version-history":[{"count":0,"href":"https:\/\/www.locoxelrojo.com\/independiente\/wp-json\/wp\/v2\/posts\/55256\/revisions"}],"wp:featuredmedia":[{"embeddable":true,"href":"https:\/\/www.locoxelrojo.com\/independiente\/wp-json\/wp\/v2\/media\/55258"}],"wp:attachment":[{"href":"https:\/\/www.locoxelrojo.com\/independiente\/wp-json\/wp\/v2\/media?parent=55256"}],"wp:term":[{"taxonomy":"category","embeddable":true,"href":"https:\/\/www.locoxelrojo.com\/independiente\/wp-json\/wp\/v2\/categories?post=55256"},{"taxonomy":"post_tag","embeddable":true,"href":"https:\/\/www.locoxelrojo.com\/independiente\/wp-json\/wp\/v2\/tags?post=55256"}],"curies":[{"name":"wp","href":"https:\/\/api.w.org\/{rel}","templated":true}]}}