{"id":5563,"date":"2011-03-08T12:00:14","date_gmt":"2011-03-08T15:00:14","guid":{"rendered":"http:\/\/www.locoxelrojo.com.ar\/independiente\/?p=5563"},"modified":"2011-03-08T18:35:51","modified_gmt":"2011-03-08T20:35:51","slug":"battafarano-mohamed-va-a-trabajar-tranquilo-en-independiente","status":"publish","type":"post","link":"https:\/\/www.locoxelrojo.com\/independiente\/2011\/03\/08\/battafarano-mohamed-va-a-trabajar-tranquilo-en-independiente\/","title":{"rendered":"Battafarano: &#8220;Mohamed va a trabajar tranquilo en Independiente&#8221;"},"content":{"rendered":"<p><a href=\"http:\/\/www.locoxelrojo.com.ar\/independiente\/wp-content\/uploads\/2011\/03\/entrenamiento5.jpg\"><img loading=\"lazy\" class=\"alignnone size-full wp-image-5564\" title=\"entrenamiento\" src=\"http:\/\/www.locoxelrojo.com.ar\/independiente\/wp-content\/uploads\/2011\/03\/entrenamiento5.jpg\" alt=\"\" width=\"590\" height=\"315\" srcset=\"https:\/\/locoxelrojo.com\/independiente\/wp-content\/uploads\/2011\/03\/entrenamiento5.jpg 590w, https:\/\/locoxelrojo.com\/independiente\/wp-content\/uploads\/2011\/03\/entrenamiento5-300x160.jpg 300w\" sizes=\"(max-width: 590px) 100vw, 590px\" \/><\/a><\/p>\n<p>Leandro Battafarano estuvo presente en la pr\u00e1ctica matutina brind\u00e1ndole apoyo al plantel y al cuerpo t\u00e9cnico al igual que como sucedi\u00f3 en la noche de ayer en el vestuario de Arsenal de Sarand\u00ed. El encargado del f\u00fatbol profesional dialog\u00f3 con TyC Sports y neg\u00f3 rotundamente la posibilidad de que Mohamed se alej\u00e9.<\/p>\n<p>&#8220;<strong>El t\u00e9cnico est\u00e1 con todas las ganas, pasamos un momento dif\u00edcil pero estan tratando de levantar el \u00e1nimo y trabajando para conseguir los resultados r\u00e1pidamente. El respaldo de Mohamed no entra en discusi\u00f3n, es total&#8221;<\/strong>, asegur\u00f3. Y luego agreg\u00f3 al respecto: <strong>&#8220;Mohamed va a trabajar tranquilo en Independiente. Es el mismo plantel y cuerpo t\u00e9cnico que gan\u00f3 la Sudamericana y en alg\u00fan momento la racha se va a cortar&#8221;.<\/strong><\/p>\n<p>Justamente, sobre esta racha de 14 partidos sin ganar, el presidente del f\u00fatbol profesional entendi\u00f3 que se tiene que coortar por la grandeza del club. <strong>&#8220;Hay bajo rendimiento, acumulaci\u00f3n de partidos y poco tiempo para corregir errores. Desde que lleg\u00f3 Mohamed no logr\u00f3 tener una semana completa de entrenamientos para hacer trabajos t\u00e1cticos o corregir errores. Esto se va a cortar porque estamos en Independiente, un club grande&#8221;<\/strong>, replic\u00f3.<\/p>\n<p>Ante el rumor que indicaba que los jugadores no estaban al d\u00eda con sus sueldos y los premios de la copa, Battafarano aclar\u00f3:<strong> &#8220;los jugadores est\u00e1n al d\u00eda con los premios y no hay ning\u00fan problema de ese tipo&#8221;.<\/strong> Igualmente, pidi\u00f3 tranquilidad a la gente desde el lugar del hincha. <strong>&#8220;Es entendible porque Independiente no est\u00e1 acostumbrado a estar en la situaci\u00f3n que est\u00e1 con los promedios. Hay un margen importante pero es feo verse ah\u00ed. El hincha tiene que expresarse, lo entiendo pero le pido paciencia. Yo tambi\u00e9n soy hincha pero este plantel logr\u00f3 algo importante hace poco y no puede olvidarse de jugar al f\u00fatbol&#8221;.<\/strong><\/p>\n<p>Para cerrar, Battafarano volvi\u00f3 a darle apoyo a Mohamed.<strong> &#8220;A Antonio hay que darle tiempo para que trabaje tranquilo, lo resultados con el trabajo que viene haciendo se van a dar en el corto plazo&#8221;.<\/strong><\/p>\n<p><iframe loading=\"lazy\" title=\"YouTube video player\" width=\"590\" height=\"315\" src=\"http:\/\/www.youtube.com\/embed\/v_USu15IS7M?hd=1\" frameborder=\"0\" allowfullscreen><\/iframe><\/p>\n","protected":false},"excerpt":{"rendered":"<p>Leandro Battafarano estuvo presente en la pr\u00e1ctica matutina brind\u00e1ndole apoyo al plantel y al cuerpo t\u00e9cnico al igual que como sucedi\u00f3 en la noche de ayer en el vestuario de Arsenal de Sarand\u00ed. El encargado del f\u00fatbol profesional dialog\u00f3 con TyC Sports y neg\u00f3 rotundamente la posibilidad de que Mohamed se alej\u00e9. &#8220;El t\u00e9cnico est\u00e1 [&hellip;]<\/p>\n","protected":false},"author":1,"featured_media":0,"comment_status":"open","ping_status":"open","sticky":false,"template":"","format":"standard","meta":{"_links_to":"","_links_to_target":""},"categories":[494,3,1],"tags":[153,53,469],"_links":{"self":[{"href":"https:\/\/www.locoxelrojo.com\/independiente\/wp-json\/wp\/v2\/posts\/5563"}],"collection":[{"href":"https:\/\/www.locoxelrojo.com\/independiente\/wp-json\/wp\/v2\/posts"}],"about":[{"href":"https:\/\/www.locoxelrojo.com\/independiente\/wp-json\/wp\/v2\/types\/post"}],"author":[{"embeddable":true,"href":"https:\/\/www.locoxelrojo.com\/independiente\/wp-json\/wp\/v2\/users\/1"}],"replies":[{"embeddable":true,"href":"https:\/\/www.locoxelrojo.com\/independiente\/wp-json\/wp\/v2\/comments?post=5563"}],"version-history":[{"count":0,"href":"https:\/\/www.locoxelrojo.com\/independiente\/wp-json\/wp\/v2\/posts\/5563\/revisions"}],"wp:attachment":[{"href":"https:\/\/www.locoxelrojo.com\/independiente\/wp-json\/wp\/v2\/media?parent=5563"}],"wp:term":[{"taxonomy":"category","embeddable":true,"href":"https:\/\/www.locoxelrojo.com\/independiente\/wp-json\/wp\/v2\/categories?post=5563"},{"taxonomy":"post_tag","embeddable":true,"href":"https:\/\/www.locoxelrojo.com\/independiente\/wp-json\/wp\/v2\/tags?post=5563"}],"curies":[{"name":"wp","href":"https:\/\/api.w.org\/{rel}","templated":true}]}}