{"id":5588,"date":"2011-03-08T21:19:22","date_gmt":"2011-03-08T23:19:22","guid":{"rendered":"http:\/\/www.locoxelrojo.com.ar\/independiente\/?p=5588"},"modified":"2011-03-08T21:19:22","modified_gmt":"2011-03-08T23:19:22","slug":"mattera-el-primer-tiempo-de-ayer-fue-horrible","status":"publish","type":"post","link":"https:\/\/www.locoxelrojo.com\/independiente\/2011\/03\/08\/mattera-el-primer-tiempo-de-ayer-fue-horrible\/","title":{"rendered":"Mattera: &#8220;El primer tiempo de ayer fue horrible&#8221;"},"content":{"rendered":"<p><a href=\"http:\/\/www.locoxelrojo.com.ar\/independiente\/wp-content\/uploads\/2011\/03\/critian_mattera.jpg\"><img loading=\"lazy\" class=\"alignnone size-full wp-image-5590\" title=\"critian_mattera\" src=\"http:\/\/www.locoxelrojo.com.ar\/independiente\/wp-content\/uploads\/2011\/03\/critian_mattera.jpg\" alt=\"\" width=\"590\" height=\"315\" srcset=\"https:\/\/locoxelrojo.com\/independiente\/wp-content\/uploads\/2011\/03\/critian_mattera.jpg 590w, https:\/\/locoxelrojo.com\/independiente\/wp-content\/uploads\/2011\/03\/critian_mattera-300x160.jpg 300w\" sizes=\"(max-width: 590px) 100vw, 590px\" \/><\/a><\/p>\n<p>Cristian Mattera dialog\u00f3 con <em>Fox Sports Radio en Del Plata <\/em>sobre el presente futbol\u00edstico. El Secretario General del Club Atl\u00e9tico Independiente estuvo esta ma\u00f1ana junto a Leandro Battafarano brind\u00e1ndole apoyo a los jugadores y al cuerpo t\u00e9cnico.<\/p>\n<p>Igualmente,manifest\u00f3 preocupaci\u00f3n por encontrar las causas de este momento.<strong> &#8220;Independiente hace pocos d\u00edas jug\u00f3 un  partido extraordinario con Pe\u00f1arol y un gran primer tiempo con V\u00e9lez y  no lo puede sostener. De un tiempo a otro hay alarmantes cambios. El  primer tiempo de ayer fue horrible, hac\u00eda rato que no se ve\u00eda algo tan  malo. En el segundo tiempo, la actuaci\u00f3n fue totalmente diferente y me  preocupa encontarle las respuestas a esto para buscar las soluciones&#8221;<\/strong>, argument\u00f3.<\/p>\n<p>Uno de los motivos, son los bajos rendimientos personales tal como argument\u00f3 hoy por la ma\u00f1ana Carlos Matheu. Sobre esto, Mattera explay\u00f3:<strong> &#8220;los jugadores tienen momentos, de ninguna manera me animar\u00eda a ser  dr\u00e1stico. Mi an\u00e1lisis es que hay varios jugadores importantes que no  est\u00e1n pasando por un buen momento. Hay que congeniar el deseo y la  voluntad del futbolistas con el del club&#8221;.<\/strong><\/p>\n<p>El dirigente, blanque\u00f3 adem\u00e1s la charla en el vestuario post River Plate. &#8220;<strong>Manifest\u00e9 al cuerpo t\u00e9cnico que hab\u00eda que apuntar todo al campeonato  porque Independiente imperiosamente necesita alejarse de cualquier  situaci\u00f3n riesgosa de promedio, no tengo temor pero entiendo que el  f\u00fatbol de cada domingo es el d\u00eda a d\u00eda de la instituci\u00f3n a pesar de que  la copa es muy linda. El t\u00e9cnico coincide con nosotros y dijo en  conferencia de prensa que hab\u00eda que apuntar todo al campeonato. Espero  que los futbolistas lo entiendan porque falta terminar de bajar este  mensaje&#8221;, <\/strong>reproch\u00f3.<\/p>\n<p>Mattera neg\u00f3 la deuda de 3 meses y por los premios de la copa que circul\u00f3 ayer por la noche desde el programa partidario <em>Mas Rojo<\/em>. Lo mismo hab\u00eda hecho Leandro Battafarano hoy por la ma\u00f1ana.<strong>&#8220;A los jugadores no se le deben 3 meses de ninguna manera<\/strong>&#8220;, asegur\u00f3. Y agreg\u00f3 sobre los contratos: &#8220;<strong>Fredes y Assman no pueden quedar libres y solo se conversa el contrato de\u00a0 Mareque.&#8221;<\/strong><\/p>\n<p>Cuando le preguntaron sobre los refuerzos, Mattera asegur\u00f3 que Nu\u00f1ez vino con el aval de Mohamed y agreg\u00f3 q<strong>ue &#8220;si bien lo de Milito nunca fue una chance cierta, con Denis si las hubo pero igualmente no creo que ese sea hoy el punto por el cual Independiente no rinde. El tema es m\u00e1s all\u00e1 del mercado de pases encontrar r\u00e1pidamente qu\u00e9 es  lo que est\u00e1 pasando. Estamos hablando de un plantel campe\u00f3n de un torneo  Internacional m\u00e1s Defederico, Nu\u00f1ez, Jairo e Iv\u00e1n V\u00e9lez. No se ha ido  nadie.&#8221;<\/strong><\/p>\n<p>El Secretario General del Club, ante las cr\u00edticas por la malas incorporaciones se defendi\u00f3 con Denis, Montenegro, Hilario Navarro cuando ten\u00eda una rotura de ligamentos y Eduardo Tuzzio. &#8220;<strong> Si bien hay de cal y de arena, ac\u00e1 no hay que mezclar cuestiones personales con an\u00e1lisis <\/strong>-dijo a Sebasti\u00e1n Vignolo quien no es atendido por Julio Comparada-<strong>. No creo que Iv\u00e1n V\u00e9lez no cambie la ecuaci\u00f3n para bien o para mal en Independiente. El problema es que no marcamos y nos marcan goles&#8221;<\/strong>, concluy\u00f3.<\/p>\n","protected":false},"excerpt":{"rendered":"<p>Cristian Mattera dialog\u00f3 con Fox Sports Radio en Del Plata sobre el presente futbol\u00edstico. El Secretario General del Club Atl\u00e9tico Independiente estuvo esta ma\u00f1ana junto a Leandro Battafarano brind\u00e1ndole apoyo a los jugadores y al cuerpo t\u00e9cnico. Igualmente,manifest\u00f3 preocupaci\u00f3n por encontrar las causas de este momento. &#8220;Independiente hace pocos d\u00edas jug\u00f3 un partido extraordinario con [&hellip;]<\/p>\n","protected":false},"author":1,"featured_media":0,"comment_status":"open","ping_status":"open","sticky":false,"template":"","format":"standard","meta":{"_links_to":"","_links_to_target":""},"categories":[3,1],"tags":[153,103],"_links":{"self":[{"href":"https:\/\/www.locoxelrojo.com\/independiente\/wp-json\/wp\/v2\/posts\/5588"}],"collection":[{"href":"https:\/\/www.locoxelrojo.com\/independiente\/wp-json\/wp\/v2\/posts"}],"about":[{"href":"https:\/\/www.locoxelrojo.com\/independiente\/wp-json\/wp\/v2\/types\/post"}],"author":[{"embeddable":true,"href":"https:\/\/www.locoxelrojo.com\/independiente\/wp-json\/wp\/v2\/users\/1"}],"replies":[{"embeddable":true,"href":"https:\/\/www.locoxelrojo.com\/independiente\/wp-json\/wp\/v2\/comments?post=5588"}],"version-history":[{"count":0,"href":"https:\/\/www.locoxelrojo.com\/independiente\/wp-json\/wp\/v2\/posts\/5588\/revisions"}],"wp:attachment":[{"href":"https:\/\/www.locoxelrojo.com\/independiente\/wp-json\/wp\/v2\/media?parent=5588"}],"wp:term":[{"taxonomy":"category","embeddable":true,"href":"https:\/\/www.locoxelrojo.com\/independiente\/wp-json\/wp\/v2\/categories?post=5588"},{"taxonomy":"post_tag","embeddable":true,"href":"https:\/\/www.locoxelrojo.com\/independiente\/wp-json\/wp\/v2\/tags?post=5588"}],"curies":[{"name":"wp","href":"https:\/\/api.w.org\/{rel}","templated":true}]}}