{"id":56250,"date":"2015-09-09T19:00:02","date_gmt":"2015-09-09T22:00:02","guid":{"rendered":"http:\/\/www.locoxelrojo.com\/independiente\/?p=56250"},"modified":"2015-09-09T22:18:56","modified_gmt":"2015-09-10T01:18:56","slug":"almiron-me-quede-con-ganas-de-seguir-pero-no-me-arrepiento-de-nada","status":"publish","type":"post","link":"https:\/\/www.locoxelrojo.com\/independiente\/2015\/09\/09\/almiron-me-quede-con-ganas-de-seguir-pero-no-me-arrepiento-de-nada\/","title":{"rendered":"Almir\u00f3n: \u201cMe qued\u00e9 con ganas de seguir, pero no me arrepiento de nada\u201d"},"content":{"rendered":"<p>Despu\u00e9s de varios meses sin hablar,<strong> Jorge Almir\u00f3n<\/strong> rompi\u00f3 el silencio y explic\u00f3 los motivos de su salida de Independiente. El exentrenador del Rojo confes\u00f3 que ten\u00eda ganas de continuar, pero afirm\u00f3 que se fue para los jugadores est\u00e9n menos presionados. Adem\u00e1s, habl\u00f3 de su relaci\u00f3n con los hinchas y los conflictos con Federico Ins\u00faa y Daniel Montenegro.<\/p>\n<p><strong>\u201cMe qued\u00e9 con ganas de seguir en el club, pero no me arrepiento de nada. No perdimos dos partidos seguidos en todo el proceso y estuve casi un a\u00f1o, pero me fui despu\u00e9s de perder con Racing porque no era aceptado por la gente y prefer\u00ed que los jugadores estuvieran tranquilos y por suerte se soltaron, porque adem\u00e1s vino un t\u00e9cnico que trabaja bien\u201d<\/strong>, expres\u00f3 Almir\u00f3n en di\u00e1logo con Indirecto, por TyC Sports.<\/p>\n<p>El ex DT afirm\u00f3 que, pese a ser hincha del Rojo, prefiere no verlo jugar por televisi\u00f3n porque qued\u00f3 dolido por su renuncia, aunque le dese\u00f3 suerte al equipo. <strong>\u201cNo veo los partidos de Independiente. Es algo que a uno por dentro le cuesta separar, porque estaba encari\u00f1ado con seguir y tampoco le iba a desear que perdiera, ya que soy hincha y quiero que le vaya bien. Por eso prefiero no verlo, pero adem\u00e1s hay una familia detr\u00e1s y la m\u00eda sufri\u00f3 mucho\u201d<\/strong>, expres\u00f3.<\/p>\n<p>Por otro lado, reconoci\u00f3 que su poca afinidad con los hinchas pudo estar relacionada con la decisi\u00f3n de marginar a Ins\u00faa y Montenegro: <strong>\u201cPuede ser que eso ayud\u00f3 a mi salida. Fue una decisi\u00f3n que tomamos y no s\u00e9 si con el tiempo estuvo bien, pero yo en todo momento pens\u00e9 en el club\u201d<\/strong>. En la misma l\u00ednea, explic\u00f3 puntualmente esos dos casos y lament\u00f3 lo que pas\u00f3 con el Rolfi: <strong>\u201cCon Ins\u00faa no tom\u00e9 decisi\u00f3n alguna, fue el presidente el que lo decidi\u00f3 y se respet\u00f3. En cambio, lo de Montenegro no se manej\u00f3 bien, porque sali\u00f3 informaci\u00f3n de adentro y qued\u00e9 muy expuesto. La intenci\u00f3n era hablar de frente, pero ya cuando lo hice se hab\u00eda difundido todo. Son cosas que pasan cuando hay mucha gente\u201d<\/strong>.<\/p>\n<p>Sobre los cuestionamientos que recibi\u00f3 por ser representado por Cristian Bragarnik, Almir\u00f3n fue claro:<strong> \u201cNo entend\u00eda lo de mi relaci\u00f3n con \u00e9l. No se investig\u00f3 nada y la mayor\u00eda de los que llegaron no los representaba \u00e9l. Traje jugadores que conoc\u00eda y nunca fue para beneficiarme. De hecho, no gan\u00e9 nada\u201d<\/strong>. Y para cerrar, se despach\u00f3 contra los periodistas por entender que influenciaban a la gente en su contra: <strong>\u201cTal vez no fui aceptado porque eso fue llevado por un gran sector de la prensa. Llega un desconocido a un equipo grande y es raro. Escuch\u00e1s que no sirve y vas a la cancha mal predispuesto. Sin embargo, muchos estaban contentos y me dec\u00edan que lo ve\u00edan jugar como hace tiempo no suced\u00eda\u201d<\/strong>.<\/p>\n","protected":false},"excerpt":{"rendered":"<p>Despu\u00e9s de varios meses sin hablar, Jorge Almir\u00f3n rompi\u00f3 el silencio y explic\u00f3 los motivos de su salida de Independiente. El exentrenador del Rojo confes\u00f3 que ten\u00eda ganas de continuar, pero afirm\u00f3 que se fue para los jugadores est\u00e9n menos presionados. Adem\u00e1s, habl\u00f3 de su relaci\u00f3n con los hinchas y los conflictos con Federico Ins\u00faa [&hellip;]<\/p>\n","protected":false},"author":8,"featured_media":52714,"comment_status":"open","ping_status":"closed","sticky":false,"template":"","format":"standard","meta":{"_links_to":"","_links_to_target":""},"categories":[3,1],"tags":[153,2724],"_links":{"self":[{"href":"https:\/\/www.locoxelrojo.com\/independiente\/wp-json\/wp\/v2\/posts\/56250"}],"collection":[{"href":"https:\/\/www.locoxelrojo.com\/independiente\/wp-json\/wp\/v2\/posts"}],"about":[{"href":"https:\/\/www.locoxelrojo.com\/independiente\/wp-json\/wp\/v2\/types\/post"}],"author":[{"embeddable":true,"href":"https:\/\/www.locoxelrojo.com\/independiente\/wp-json\/wp\/v2\/users\/8"}],"replies":[{"embeddable":true,"href":"https:\/\/www.locoxelrojo.com\/independiente\/wp-json\/wp\/v2\/comments?post=56250"}],"version-history":[{"count":0,"href":"https:\/\/www.locoxelrojo.com\/independiente\/wp-json\/wp\/v2\/posts\/56250\/revisions"}],"wp:featuredmedia":[{"embeddable":true,"href":"https:\/\/www.locoxelrojo.com\/independiente\/wp-json\/wp\/v2\/media\/52714"}],"wp:attachment":[{"href":"https:\/\/www.locoxelrojo.com\/independiente\/wp-json\/wp\/v2\/media?parent=56250"}],"wp:term":[{"taxonomy":"category","embeddable":true,"href":"https:\/\/www.locoxelrojo.com\/independiente\/wp-json\/wp\/v2\/categories?post=56250"},{"taxonomy":"post_tag","embeddable":true,"href":"https:\/\/www.locoxelrojo.com\/independiente\/wp-json\/wp\/v2\/tags?post=56250"}],"curies":[{"name":"wp","href":"https:\/\/api.w.org\/{rel}","templated":true}]}}