{"id":5641,"date":"2011-03-09T19:43:02","date_gmt":"2011-03-09T22:43:02","guid":{"rendered":"http:\/\/www.locoxelrojo.com.ar\/independiente\/?p=5641"},"modified":"2011-03-09T19:43:02","modified_gmt":"2011-03-09T22:43:02","slug":"facundo-parra-dialogo-con-mariano-closs","status":"publish","type":"post","link":"https:\/\/www.locoxelrojo.com\/independiente\/2011\/03\/09\/facundo-parra-dialogo-con-mariano-closs\/","title":{"rendered":"Facundo Parra dialog\u00f3 con Mariano Closs"},"content":{"rendered":"<p><a href=\"http:\/\/www.locoxelrojo.com.ar\/independiente\/wp-content\/uploads\/2011\/03\/Parra_Facundo.jpg\"><img loading=\"lazy\" class=\"alignnone size-full wp-image-5642\" title=\"Parra_Facundo\" src=\"http:\/\/www.locoxelrojo.com.ar\/independiente\/wp-content\/uploads\/2011\/03\/Parra_Facundo.jpg\" alt=\"\" width=\"590\" height=\"315\" srcset=\"https:\/\/locoxelrojo.com\/independiente\/wp-content\/uploads\/2011\/03\/Parra_Facundo.jpg 590w, https:\/\/locoxelrojo.com\/independiente\/wp-content\/uploads\/2011\/03\/Parra_Facundo-300x160.jpg 300w\" sizes=\"(max-width: 590px) 100vw, 590px\" \/><\/a><\/p>\n<p>El delantero critic\u00f3 al periodismo y lament\u00f3 que se sobredimensionen los hechos teniendo en cuenta que luego son los hinchas los que hacen interpretaciones sobre sucesos que no ocurrieron. En lo particular critic\u00f3 al diario Ol\u00e9 por decir que existi\u00f3 una pelea entre Mohamed y Mareque.<\/p>\n<p>Adem\u00e1s, agreg\u00f3 que las cr\u00edticas son excesivas teniendo en cuenta que si Independiente gana ma\u00f1ana y el jueves vuelve a ser el mismo de antes. Cuando Mariano Closs le pregunt\u00f3 si la continuidad de Mohamed depend\u00eda de estos dos partidos, el delantero dijo que el no lo escuch\u00f3 decir eso y consider\u00f3 que tampoco se los dio a entender porque el plantel solo piensa en salir adelante.<\/p>\n<p><em><strong>Escuch\u00e1 el audio:<\/strong><\/em><\/p>\n<p><object classid=\"clsid:d27cdb6e-ae6d-11cf-96b8-444553540000\" width=\"335\" height=\"28\" codebase=\"http:\/\/download.macromedia.com\/pub\/shockwave\/cabs\/flash\/swflash.cab#version=6,0,40,0\"><param name=\"allowFullScreen\" value=\"true\" \/><param name=\"allowscriptaccess\" value=\"always\" \/><param name=\"wmode\" value=\"transparent\" \/><param name=\"src\" value=\"http:\/\/www.divshare.com\/flash\/audio_embed?data=YTo2OntzOjU6ImFwaUlkIjtzOjE6IjQiO3M6NjoiZmlsZUlkIjtzOjg6IjE0MjcyODI3IjtzOjQ6ImNvZGUiO3M6MTI6IjE0MjcyODI3LTZiOCI7czo2OiJ1c2VySWQiO3M6NzoiMjIxMTE0MSI7czoxMjoiZXh0ZXJuYWxDYWxsIjtpOjE7czo0OiJ0aW1lIjtpOjEyOTk3MTAxNDg7fQ==&amp;autoplay=default\" \/><param name=\"allowfullscreen\" value=\"true\" \/><embed type=\"application\/x-shockwave-flash\" width=\"335\" height=\"28\" src=\"http:\/\/www.divshare.com\/flash\/audio_embed?data=YTo2OntzOjU6ImFwaUlkIjtzOjE6IjQiO3M6NjoiZmlsZUlkIjtzOjg6IjE0MjcyODI3IjtzOjQ6ImNvZGUiO3M6MTI6IjE0MjcyODI3LTZiOCI7czo2OiJ1c2VySWQiO3M6NzoiMjIxMTE0MSI7czoxMjoiZXh0ZXJuYWxDYWxsIjtpOjE7czo0OiJ0aW1lIjtpOjEyOTk3MTAxNDg7fQ==&amp;autoplay=default\" wmode=\"transparent\" allowscriptaccess=\"always\" allowfullscreen=\"true\"><\/embed><\/object><\/p>\n","protected":false},"excerpt":{"rendered":"<p>El delantero critic\u00f3 al periodismo y lament\u00f3 que se sobredimensionen los hechos teniendo en cuenta que luego son los hinchas los que hacen interpretaciones sobre sucesos que no ocurrieron. En lo particular critic\u00f3 al diario Ol\u00e9 por decir que existi\u00f3 una pelea entre Mohamed y Mareque. Adem\u00e1s, agreg\u00f3 que las cr\u00edticas son excesivas teniendo en [&hellip;]<\/p>\n","protected":false},"author":1,"featured_media":0,"comment_status":"open","ping_status":"open","sticky":false,"template":"","format":"standard","meta":{"_links_to":"","_links_to_target":""},"categories":[494,3,1],"tags":[153,36,425,426,484],"_links":{"self":[{"href":"https:\/\/www.locoxelrojo.com\/independiente\/wp-json\/wp\/v2\/posts\/5641"}],"collection":[{"href":"https:\/\/www.locoxelrojo.com\/independiente\/wp-json\/wp\/v2\/posts"}],"about":[{"href":"https:\/\/www.locoxelrojo.com\/independiente\/wp-json\/wp\/v2\/types\/post"}],"author":[{"embeddable":true,"href":"https:\/\/www.locoxelrojo.com\/independiente\/wp-json\/wp\/v2\/users\/1"}],"replies":[{"embeddable":true,"href":"https:\/\/www.locoxelrojo.com\/independiente\/wp-json\/wp\/v2\/comments?post=5641"}],"version-history":[{"count":0,"href":"https:\/\/www.locoxelrojo.com\/independiente\/wp-json\/wp\/v2\/posts\/5641\/revisions"}],"wp:attachment":[{"href":"https:\/\/www.locoxelrojo.com\/independiente\/wp-json\/wp\/v2\/media?parent=5641"}],"wp:term":[{"taxonomy":"category","embeddable":true,"href":"https:\/\/www.locoxelrojo.com\/independiente\/wp-json\/wp\/v2\/categories?post=5641"},{"taxonomy":"post_tag","embeddable":true,"href":"https:\/\/www.locoxelrojo.com\/independiente\/wp-json\/wp\/v2\/tags?post=5641"}],"curies":[{"name":"wp","href":"https:\/\/api.w.org\/{rel}","templated":true}]}}