{"id":5707,"date":"2011-03-11T03:34:11","date_gmt":"2011-03-11T06:34:11","guid":{"rendered":"http:\/\/www.locoxelrojo.com.ar\/independiente\/?p=5707"},"modified":"2011-03-11T13:50:44","modified_gmt":"2011-03-11T15:50:44","slug":"parra-el-tercer-gol-nos-mato","status":"publish","type":"post","link":"https:\/\/www.locoxelrojo.com\/independiente\/2011\/03\/11\/parra-el-tercer-gol-nos-mato\/","title":{"rendered":"Parra: &#8220;El tercer gol nos mat\u00f3&#8221;"},"content":{"rendered":"<p><a href=\"http:\/\/www.locoxelrojo.com.ar\/independiente\/wp-content\/uploads\/2011\/03\/parra_cai_godoycruz.jpg\"><img loading=\"lazy\" class=\"alignnone size-full wp-image-5711\" title=\"parra_cai_godoycruz\" src=\"http:\/\/www.locoxelrojo.com.ar\/independiente\/wp-content\/uploads\/2011\/03\/parra_cai_godoycruz.jpg\" alt=\"\" width=\"590\" height=\"315\" srcset=\"https:\/\/locoxelrojo.com\/independiente\/wp-content\/uploads\/2011\/03\/parra_cai_godoycruz.jpg 590w, https:\/\/locoxelrojo.com\/independiente\/wp-content\/uploads\/2011\/03\/parra_cai_godoycruz-300x160.jpg 300w\" sizes=\"(max-width: 590px) 100vw, 590px\" \/><\/a><\/p>\n<p>Facundo Parra dialog\u00f3 con la prensa luego del partido en zona mixta. El delantero, autor del \u00fanico gol de la noche, volvi\u00f3 a reprochar las cr\u00edticas no constructivas y pidi\u00f3 que tiremos todos para el mismo lado para poder revertir la situaci\u00f3n al igual que Antonio Mohamed en conferencia de prensa. &#8220;<strong>El equipo jug\u00f3 bien en el primer tiempo. Manejamos la pelota y llegamos bastantes veces. Manejamos el partido pero su planteo les sali\u00f3 bien, se llevaron 3 puntos importantes y nos duele&#8221;<\/strong>, lament\u00f3.<\/p>\n<p>Sobre el mal momento que vive Independiente desde lo an\u00edmico, el jugador critic\u00f3 a quienes inventan versiones inexistentes. <strong>&#8220;Arrancamos a perder y nos juega la cabeza, las cosas que se hablan y se dicen no suman. Nos hacen mal y repercuten. Me molesta mucho que se hablen cosas que no son&#8221;<\/strong>, reproch\u00f3. Y luego agreg\u00f3: &#8220;<strong>Inventar cosas dentro del plantel repercute en nosotros y en toda la gente. Independiente es grande y la gente se hace un mundo de cosas que no son. Esto va m\u00e1s all\u00e1 de que ustedes pueden opinar -como cualquiera- si jugamos mal, somos un desastre, tenemos actitud o no. Esas cosas nos duelen y nos hacen mal<\/strong>&#8220;, se quej\u00f3.<\/p>\n<p>La soluci\u00f3n, para el delantero es ganar para poder despegar e Independiente intentar\u00e1 hacerlo a partir del lunes cuando reciba en el Libertadores de Am\u00e9rica a Newells Old Boys.<strong> &#8220;Lo venimos diciendo hace 4 partidos seguidos, la \u00fanica necesidad nuestra es ganar. Hoy el equipo jug\u00f3 bien, tuvo actitud, intent\u00f3 pero el tercer gol nos mat\u00f3. Estabamos al acecho para empatarlo y en el entretiempo solo hablabamos de ganarlo&#8221;<\/strong>, concluy\u00f3.<\/p>\n<p><object style=\"height: 315px; width: 590px\"><param name=\"movie\" value=\"http:\/\/www.youtube.com\/v\/RjQazJYek7Y?version=3\"><param name=\"allowFullScreen\" value=\"true\"><param name=\"allowScriptAccess\" value=\"always\"><embed src=\"http:\/\/www.youtube.com\/v\/RjQazJYek7Y?version=3\" type=\"application\/x-shockwave-flash\" allowfullscreen=\"true\" allowScriptAccess=\"always\" width=\"590\" height=\"315\"><\/object><\/p>\n","protected":false},"excerpt":{"rendered":"<p>Facundo Parra dialog\u00f3 con la prensa luego del partido en zona mixta. El delantero, autor del \u00fanico gol de la noche, volvi\u00f3 a reprochar las cr\u00edticas no constructivas y pidi\u00f3 que tiremos todos para el mismo lado para poder revertir la situaci\u00f3n al igual que Antonio Mohamed en conferencia de prensa. &#8220;El equipo jug\u00f3 bien [&hellip;]<\/p>\n","protected":false},"author":1,"featured_media":0,"comment_status":"open","ping_status":"open","sticky":false,"template":"","format":"standard","meta":{"_links_to":"","_links_to_target":""},"categories":[494,3,1],"tags":[153,223,36],"_links":{"self":[{"href":"https:\/\/www.locoxelrojo.com\/independiente\/wp-json\/wp\/v2\/posts\/5707"}],"collection":[{"href":"https:\/\/www.locoxelrojo.com\/independiente\/wp-json\/wp\/v2\/posts"}],"about":[{"href":"https:\/\/www.locoxelrojo.com\/independiente\/wp-json\/wp\/v2\/types\/post"}],"author":[{"embeddable":true,"href":"https:\/\/www.locoxelrojo.com\/independiente\/wp-json\/wp\/v2\/users\/1"}],"replies":[{"embeddable":true,"href":"https:\/\/www.locoxelrojo.com\/independiente\/wp-json\/wp\/v2\/comments?post=5707"}],"version-history":[{"count":0,"href":"https:\/\/www.locoxelrojo.com\/independiente\/wp-json\/wp\/v2\/posts\/5707\/revisions"}],"wp:attachment":[{"href":"https:\/\/www.locoxelrojo.com\/independiente\/wp-json\/wp\/v2\/media?parent=5707"}],"wp:term":[{"taxonomy":"category","embeddable":true,"href":"https:\/\/www.locoxelrojo.com\/independiente\/wp-json\/wp\/v2\/categories?post=5707"},{"taxonomy":"post_tag","embeddable":true,"href":"https:\/\/www.locoxelrojo.com\/independiente\/wp-json\/wp\/v2\/tags?post=5707"}],"curies":[{"name":"wp","href":"https:\/\/api.w.org\/{rel}","templated":true}]}}