{"id":5740,"date":"2011-03-11T03:31:09","date_gmt":"2011-03-11T05:31:09","guid":{"rendered":"http:\/\/www.locoxelrojo.com.ar\/independiente\/?p=5740"},"modified":"2011-03-11T06:59:23","modified_gmt":"2011-03-11T08:59:23","slug":"velez-la-actitud-esta-y-se-mostro-en-la-cancha","status":"publish","type":"post","link":"https:\/\/www.locoxelrojo.com\/independiente\/2011\/03\/11\/velez-la-actitud-esta-y-se-mostro-en-la-cancha\/","title":{"rendered":"V\u00e9lez: &#8220;La actitud est\u00e1 y se mostr\u00f3 en la cancha&#8221;"},"content":{"rendered":"<p><a href=\"http:\/\/www.locoxelrojo.com.ar\/independiente\/wp-content\/uploads\/2011\/03\/velez.jpg\"><img loading=\"lazy\" class=\"alignnone size-full wp-image-5744\" title=\"velez\" src=\"http:\/\/www.locoxelrojo.com.ar\/independiente\/wp-content\/uploads\/2011\/03\/velez.jpg\" alt=\"\" width=\"590\" height=\"315\" srcset=\"https:\/\/locoxelrojo.com\/independiente\/wp-content\/uploads\/2011\/03\/velez.jpg 590w, https:\/\/locoxelrojo.com\/independiente\/wp-content\/uploads\/2011\/03\/velez-300x160.jpg 300w\" sizes=\"(max-width: 590px) 100vw, 590px\" \/><\/a><\/p>\n<p>Iv\u00e1n V\u00e9lez, una de las figuras de la cancha, se fue conforme con el rendimiento pero mal por el resultado.<strong> &#8220;Voy tomando el nivel que quiero en lo personal pero lastimosamente en lo colectivo no tuvimos suerte a pesar de que tuvimos pasajes muy buenos de f\u00fatbol&#8221;,<\/strong> comenz\u00f3 diciendo.<\/p>\n<p>Y luego, agreg\u00f3: <strong>&#8220;Tenemos que trabajar en lo mental porque el 1-1 nos bajone\u00f3 y reca\u00edmos en lo an\u00edmico. Hay que mentalizarse porque demostramos que hay equipo y f\u00fatbol para sacar esto adelante. Lo preocupante ser\u00eda si no hubiera situaciones de gol&#8221;. <\/strong><\/p>\n<p>Se lo vio solo por el lateral derecho pero la pelota no le llegaba. Cuando lo consultamos sobre esto, el jugador coment\u00f3: <strong>&#8220;los muchachos est\u00e1n conociendo mi juego y como paso sin pelota, con Jairo me conozco m\u00e1s porque si bien no estuvimos juntos en Colombia sabe cu\u00e1l es mi f\u00fatbol. Poco a poco este equipo va a encontrar la m\u00edstica ganadora&#8221;.<\/strong><\/p>\n<p>Para el lateral derecho, el partido del lunes es trascendental y est\u00e1 convencido de que esta es la manera de afrontarlo. <strong>&#8220;Hay que sacar la jerarqu\u00eda y las credenciales porque la mayor\u00eda ya jugaron Copa y la ganaron. Lo m\u00e1s inmediato es Newells, queremos ganar y para eso hay que mejorar la cabeza para sumar de a 3. La actitud est\u00e1 y se mostr\u00f3 en la cancha&#8221;,<\/strong> garantiz\u00f3.<\/p>\n<p>Los errores, estuvieron en la definici\u00f3n reproch\u00f3 el colombiano quien derroch\u00f3 optimismo. &#8220;<strong>No estuvimos acertados a la hora de definir. Contra Newells va a venir la senda ganadora, estamos golpeados pero sentimos eso. El hincha entendi\u00f3 la actitud y la mejor\u00eda, hay que dar lo mejor y tienen que estar tranquilos, necesitamos su apoyo para salir adelante&#8221;<\/strong>, concluy\u00f3.<\/p>\n<p><object style=\"height: 315px; width: 590px\"><param name=\"movie\" value=\"http:\/\/www.youtube.com\/v\/q6zNY43RTus?version=3\"><param name=\"allowFullScreen\" value=\"true\"><param name=\"allowScriptAccess\" value=\"always\"><embed src=\"http:\/\/www.youtube.com\/v\/q6zNY43RTus?version=3\" type=\"application\/x-shockwave-flash\" allowfullscreen=\"true\" allowScriptAccess=\"always\" width=\"590\" height=\"315\"><\/object><\/p>\n","protected":false},"excerpt":{"rendered":"<p>Iv\u00e1n V\u00e9lez, una de las figuras de la cancha, se fue conforme con el rendimiento pero mal por el resultado. &#8220;Voy tomando el nivel que quiero en lo personal pero lastimosamente en lo colectivo no tuvimos suerte a pesar de que tuvimos pasajes muy buenos de f\u00fatbol&#8221;, comenz\u00f3 diciendo. Y luego, agreg\u00f3: &#8220;Tenemos que trabajar [&hellip;]<\/p>\n","protected":false},"author":1,"featured_media":0,"comment_status":"open","ping_status":"open","sticky":false,"template":"","format":"standard","meta":{"_links_to":"","_links_to_target":""},"categories":[494,3,1],"tags":[153,412],"_links":{"self":[{"href":"https:\/\/www.locoxelrojo.com\/independiente\/wp-json\/wp\/v2\/posts\/5740"}],"collection":[{"href":"https:\/\/www.locoxelrojo.com\/independiente\/wp-json\/wp\/v2\/posts"}],"about":[{"href":"https:\/\/www.locoxelrojo.com\/independiente\/wp-json\/wp\/v2\/types\/post"}],"author":[{"embeddable":true,"href":"https:\/\/www.locoxelrojo.com\/independiente\/wp-json\/wp\/v2\/users\/1"}],"replies":[{"embeddable":true,"href":"https:\/\/www.locoxelrojo.com\/independiente\/wp-json\/wp\/v2\/comments?post=5740"}],"version-history":[{"count":0,"href":"https:\/\/www.locoxelrojo.com\/independiente\/wp-json\/wp\/v2\/posts\/5740\/revisions"}],"wp:attachment":[{"href":"https:\/\/www.locoxelrojo.com\/independiente\/wp-json\/wp\/v2\/media?parent=5740"}],"wp:term":[{"taxonomy":"category","embeddable":true,"href":"https:\/\/www.locoxelrojo.com\/independiente\/wp-json\/wp\/v2\/categories?post=5740"},{"taxonomy":"post_tag","embeddable":true,"href":"https:\/\/www.locoxelrojo.com\/independiente\/wp-json\/wp\/v2\/tags?post=5740"}],"curies":[{"name":"wp","href":"https:\/\/api.w.org\/{rel}","templated":true}]}}