{"id":57563,"date":"2015-09-21T18:41:52","date_gmt":"2015-09-21T21:41:52","guid":{"rendered":"http:\/\/www.locoxelrojo.com\/independiente\/?p=57563"},"modified":"2015-09-21T18:41:52","modified_gmt":"2015-09-21T21:41:52","slug":"concentrados-vs-olimpia","status":"publish","type":"post","link":"https:\/\/www.locoxelrojo.com\/independiente\/2015\/09\/21\/concentrados-vs-olimpia\/","title":{"rendered":"Concentrados vs. Olimpia"},"content":{"rendered":"<p>Mauricio Pellegrino confirm\u00f3 la lista de concentrados para el duelo de ida de octavos de final de la Copa Sudamericana ante Olimpia y realiz\u00f3 cuatro cambios respecto de la \u00faltima n\u00f3mina<strong>.\u00a0Ser\u00e1n 19 jugadores otra vez, por lo que uno\u00a0quedar\u00e1 afuera del banco de suplentes.<\/strong><\/p>\n<p><strong>Hern\u00e1n Pellerano, Nicol\u00e1s Tagliafico, Jes\u00fas M\u00e9ndez y Mart\u00edn Ben\u00edtez fueron convocados nuevamente, mientras que esta vez no fueron citados Nicol\u00e1s Figal, Emanuel Aguilera, Franco Bellocq y Ezequiel Vidal.<\/strong><\/p>\n<p><span style=\"text-decoration: underline;\"><strong>La lista de 19 citados<\/strong><\/span><\/p>\n<p style=\"color: #000000;\"><strong>Arqueros:\u00a0<\/strong>Diego Rodr\u00edguez\u00a0y\u00a0Germ\u00e1n Montoya.<\/p>\n<p style=\"color: #000000;\"><strong>Defensores:<\/strong>\u00a0Gustavo Toledo, Mauricio Victorino, Hern\u00e1n Pellerano, Nicol\u00e1s Tagliafico, V\u00edctor Cuesta y Emiliano Papa.<\/p>\n<p style=\"color: #000000;\"><strong>Mediocampistas:<\/strong>\u00a0Juli\u00e1n Vitale, Jorge Ort\u00edz, Jes\u00fas M\u00e9ndez, Mat\u00edas Pisano, Juan Manuel Trejo y Cristian Rodr\u00edguez.<\/p>\n<p style=\"color: #000000;\"><strong>Delanteros:<\/strong>\u00a0Mart\u00edn Ben\u00edtez, Lucas Albertengo, Diego Vera, Juan Mart\u00edn Lucero y Jorge Pereyra D\u00edaz.<\/p>\n","protected":false},"excerpt":{"rendered":"<p>Mauricio Pellegrino confirm\u00f3 la lista de concentrados para el duelo de ida de octavos de final de la Copa Sudamericana ante Olimpia y realiz\u00f3 cuatro cambios respecto de la \u00faltima n\u00f3mina.\u00a0Ser\u00e1n 19 jugadores otra vez, por lo que uno\u00a0quedar\u00e1 afuera del banco de suplentes. Hern\u00e1n Pellerano, Nicol\u00e1s Tagliafico, Jes\u00fas M\u00e9ndez y Mart\u00edn Ben\u00edtez fueron convocados [&hellip;]<\/p>\n","protected":false},"author":11,"featured_media":54980,"comment_status":"open","ping_status":"closed","sticky":false,"template":"","format":"standard","meta":{"_links_to":"","_links_to_target":""},"categories":[3,1],"tags":[153,3049,2976],"_links":{"self":[{"href":"https:\/\/www.locoxelrojo.com\/independiente\/wp-json\/wp\/v2\/posts\/57563"}],"collection":[{"href":"https:\/\/www.locoxelrojo.com\/independiente\/wp-json\/wp\/v2\/posts"}],"about":[{"href":"https:\/\/www.locoxelrojo.com\/independiente\/wp-json\/wp\/v2\/types\/post"}],"author":[{"embeddable":true,"href":"https:\/\/www.locoxelrojo.com\/independiente\/wp-json\/wp\/v2\/users\/11"}],"replies":[{"embeddable":true,"href":"https:\/\/www.locoxelrojo.com\/independiente\/wp-json\/wp\/v2\/comments?post=57563"}],"version-history":[{"count":0,"href":"https:\/\/www.locoxelrojo.com\/independiente\/wp-json\/wp\/v2\/posts\/57563\/revisions"}],"wp:featuredmedia":[{"embeddable":true,"href":"https:\/\/www.locoxelrojo.com\/independiente\/wp-json\/wp\/v2\/media\/54980"}],"wp:attachment":[{"href":"https:\/\/www.locoxelrojo.com\/independiente\/wp-json\/wp\/v2\/media?parent=57563"}],"wp:term":[{"taxonomy":"category","embeddable":true,"href":"https:\/\/www.locoxelrojo.com\/independiente\/wp-json\/wp\/v2\/categories?post=57563"},{"taxonomy":"post_tag","embeddable":true,"href":"https:\/\/www.locoxelrojo.com\/independiente\/wp-json\/wp\/v2\/tags?post=57563"}],"curies":[{"name":"wp","href":"https:\/\/api.w.org\/{rel}","templated":true}]}}