{"id":5766,"date":"2011-03-11T22:26:25","date_gmt":"2011-03-12T00:26:25","guid":{"rendered":"http:\/\/www.locoxelrojo.com.ar\/independiente\/?p=5766"},"modified":"2015-09-09T21:32:32","modified_gmt":"2015-09-10T00:32:32","slug":"luego-de-la-derrota-con-el-tomba-el-rojo-entreno-en-villa-dominico","status":"publish","type":"post","link":"https:\/\/www.locoxelrojo.com\/independiente\/2011\/03\/11\/luego-de-la-derrota-con-el-tomba-el-rojo-entreno-en-villa-dominico\/","title":{"rendered":"Vuelta a las pr\u00e1cticas tras la derrota"},"content":{"rendered":"<p><a href=\"http:\/\/www.locoxelrojo.com.ar\/independiente\/wp-content\/uploads\/2011\/03\/independientecai.jpg\"><img loading=\"lazy\" class=\"alignnone size-full wp-image-5767\" title=\"independientecai\" src=\"http:\/\/www.locoxelrojo.com.ar\/independiente\/wp-content\/uploads\/2011\/03\/independientecai.jpg\" alt=\"\" width=\"590\" height=\"315\" srcset=\"https:\/\/locoxelrojo.com\/independiente\/wp-content\/uploads\/2011\/03\/independientecai.jpg 590w, https:\/\/locoxelrojo.com\/independiente\/wp-content\/uploads\/2011\/03\/independientecai-300x160.jpg 300w\" sizes=\"(max-width: 590px) 100vw, 590px\" \/><\/a><\/p>\n<p>Independiente entren\u00f3 por la tarde en Villa Dominico luego de la derrota frente a Godoy Cruz por la Copa Libertadores. En la previa hubo una larga charla del Turco con todo el plantel que impidi\u00f3 la entrada de la prensa hasta que terminara la misma.<\/p>\n<p>Luego de la charla arranc\u00f3 el entrenamiento formal ya con la prensa pudiendo observar la pr\u00e1ctica con total normalidad. Los que jugaron ayer frente al Tomba realizaron tareas regenerativas, mientras que los dem\u00e1s realizaron ejercicios t\u00e1cticos de ataque y defensa. Los defensores iban rotando, as\u00ed como tambi\u00e9n lo hac\u00edan los atacantes. Mientras Hilario trabajaba en el regenerativo, en el arco alternaban Gabbarini y Fabi\u00e1n Assmann.<\/p>\n<p>Hubo dos jugadores que trabajaron diferenciado: fueron Roberto Batti\u00f3n y Brian Nieva, ambos estuvieron haciendo Kinesiolog\u00eda.<\/p>\n<p>Ma\u00f1ana tambi\u00e9n en el predio de V. Dominico hay un nuevo entrenamiento a las 10 de la ma\u00f1ana en el que se podr\u00e1 empezar a delinear los 11 que van a salir el lunes a jugar frente a Newell\u00b4s.<\/p>\n","protected":false},"excerpt":{"rendered":"<p>Independiente entren\u00f3 por la tarde en Villa Dominico luego de la derrota frente a Godoy Cruz por la Copa Libertadores. En la previa hubo una larga charla del Turco con todo el plantel que impidi\u00f3 la entrada de la prensa hasta que terminara la misma. Luego de la charla arranc\u00f3 el entrenamiento formal ya con [&hellip;]<\/p>\n","protected":false},"author":1,"featured_media":0,"comment_status":"open","ping_status":"open","sticky":false,"template":"","format":"standard","meta":{"_links_to":"","_links_to_target":""},"categories":[3,1],"tags":[124,153,26,31],"_links":{"self":[{"href":"https:\/\/www.locoxelrojo.com\/independiente\/wp-json\/wp\/v2\/posts\/5766"}],"collection":[{"href":"https:\/\/www.locoxelrojo.com\/independiente\/wp-json\/wp\/v2\/posts"}],"about":[{"href":"https:\/\/www.locoxelrojo.com\/independiente\/wp-json\/wp\/v2\/types\/post"}],"author":[{"embeddable":true,"href":"https:\/\/www.locoxelrojo.com\/independiente\/wp-json\/wp\/v2\/users\/1"}],"replies":[{"embeddable":true,"href":"https:\/\/www.locoxelrojo.com\/independiente\/wp-json\/wp\/v2\/comments?post=5766"}],"version-history":[{"count":0,"href":"https:\/\/www.locoxelrojo.com\/independiente\/wp-json\/wp\/v2\/posts\/5766\/revisions"}],"wp:attachment":[{"href":"https:\/\/www.locoxelrojo.com\/independiente\/wp-json\/wp\/v2\/media?parent=5766"}],"wp:term":[{"taxonomy":"category","embeddable":true,"href":"https:\/\/www.locoxelrojo.com\/independiente\/wp-json\/wp\/v2\/categories?post=5766"},{"taxonomy":"post_tag","embeddable":true,"href":"https:\/\/www.locoxelrojo.com\/independiente\/wp-json\/wp\/v2\/tags?post=5766"}],"curies":[{"name":"wp","href":"https:\/\/api.w.org\/{rel}","templated":true}]}}