{"id":5773,"date":"2011-03-11T22:39:47","date_gmt":"2011-03-12T01:39:47","guid":{"rendered":"http:\/\/www.locoxelrojo.com.ar\/independiente\/?p=5773"},"modified":"2011-03-12T03:45:36","modified_gmt":"2011-03-12T06:45:36","slug":"godoy-el-turco-nos-dijo-que-mas-alla-de-lo-que-pase-el-lunes-va-a-seguir-con-nosotros","status":"publish","type":"post","link":"https:\/\/www.locoxelrojo.com\/independiente\/2011\/03\/11\/godoy-el-turco-nos-dijo-que-mas-alla-de-lo-que-pase-el-lunes-va-a-seguir-con-nosotros\/","title":{"rendered":"Godoy: &#8220;El Turco nos dijo que m\u00e1s all\u00e1 de lo que pase el lunes va a seguir con nosotros&#8221;"},"content":{"rendered":"<p><a href=\"http:\/\/www.locoxelrojo.com.ar\/independiente\/wp-content\/uploads\/2011\/03\/godoy_independiente.jpg\"><img loading=\"lazy\" class=\"alignnone size-full wp-image-5774\" title=\"godoy_independiente\" src=\"http:\/\/www.locoxelrojo.com.ar\/independiente\/wp-content\/uploads\/2011\/03\/godoy_independiente.jpg\" alt=\"\" width=\"590\" height=\"315\" srcset=\"https:\/\/locoxelrojo.com\/independiente\/wp-content\/uploads\/2011\/03\/godoy_independiente.jpg 590w, https:\/\/locoxelrojo.com\/independiente\/wp-content\/uploads\/2011\/03\/godoy_independiente-300x160.jpg 300w\" sizes=\"(max-width: 590px) 100vw, 590px\" \/><\/a><\/p>\n<p>Fernando Godoy fue el \u00fanico en dialogar con la prensa luego del entrenamiento vespertino en Villa Dom\u00ednico. Eran casi las 8 de la noche cuando el volante central hizo un an\u00e1lisis del juego de ayer. <strong>&#8220;Fue un partido dif\u00edcil y raro porque Independiente tuvo muchas situaciones y no las pudo convertir. Godoy Cruz hizo los 3 goles cuando nos descuidamos. Ayer jugamos mano a mano y corr\u00edamos el riesgo de que nos conviertan. La  suerte que tuvimos el semestre pasado no la tenemos ahora. Goles que no  nos hac\u00edan hoy nos hacen y goles que hac\u00edamos no est\u00e1n entrando&#8221;<\/strong>, lament\u00f3.<\/p>\n<p>Sobre la imperiosa necesidad de un triunfo, Godoy analiz\u00f3: <strong>&#8220;vamos a buscar hasta el final la copa y el campeonato, necesitamos puntos pero en la copa vamos a seguir hasta donde lleguemos&#8221;<\/strong>. El jugador agradeci\u00f3 poder tener revancha r\u00e1pida y explic\u00f3 que la cabeza ya est\u00e1 en Newells.<\/p>\n<p>Sobre la charla que los periodistas no pudimos presenciar pero arranc\u00f3 pasadas las 17 horas y cumin\u00f3 pasadas las 18, Godoy cont\u00f3:<strong> &#8220;fue una charla en el momento justo y estamos a tiempo de remontar esto, solo falta un triunfo para salir del momento malo. Actitud hay, faltan cosas acerca del funcionamiento y los resultados&#8221;.<\/strong><\/p>\n<p>Mohamed, le dijo a sus dirigidos que va a <strong>&#8220;estar a muerte&#8221; <\/strong>con ellos y el volante prometi\u00f3 devolverle esa fe. &#8220;Un resultado an\u00edmicamente va a sumar mucho&#8221;, enfatiz\u00f3 nuevamente. El plantel derrocha optimismo: &#8220;<strong>sabemos que estamos a tiempo de remontarlo, esto no es an\u00edmico ni de actitud. Es futbol\u00edstico y se saca con un resultado&#8221;.<\/strong><\/p>\n<p>Cuando lo consultaron sobre la continuidad del DT, Godoy explic\u00f3 que<strong> &#8220;el partido del lunes nos puede permitir salir de esto. El turco nos dijo que m\u00e1s all\u00e1 de lo que pase el lunes va a seguir con nosotros. Vamos a tratar de defenderlo adentro de la cancha&#8221;.<\/strong><\/p>\n","protected":false},"excerpt":{"rendered":"<p>Fernando Godoy fue el \u00fanico en dialogar con la prensa luego del entrenamiento vespertino en Villa Dom\u00ednico. Eran casi las 8 de la noche cuando el volante central hizo un an\u00e1lisis del juego de ayer. &#8220;Fue un partido dif\u00edcil y raro porque Independiente tuvo muchas situaciones y no las pudo convertir. Godoy Cruz hizo los [&hellip;]<\/p>\n","protected":false},"author":1,"featured_media":0,"comment_status":"open","ping_status":"open","sticky":false,"template":"","format":"standard","meta":{"_links_to":"","_links_to_target":""},"categories":[494,3,1],"tags":[115,29],"_links":{"self":[{"href":"https:\/\/www.locoxelrojo.com\/independiente\/wp-json\/wp\/v2\/posts\/5773"}],"collection":[{"href":"https:\/\/www.locoxelrojo.com\/independiente\/wp-json\/wp\/v2\/posts"}],"about":[{"href":"https:\/\/www.locoxelrojo.com\/independiente\/wp-json\/wp\/v2\/types\/post"}],"author":[{"embeddable":true,"href":"https:\/\/www.locoxelrojo.com\/independiente\/wp-json\/wp\/v2\/users\/1"}],"replies":[{"embeddable":true,"href":"https:\/\/www.locoxelrojo.com\/independiente\/wp-json\/wp\/v2\/comments?post=5773"}],"version-history":[{"count":0,"href":"https:\/\/www.locoxelrojo.com\/independiente\/wp-json\/wp\/v2\/posts\/5773\/revisions"}],"wp:attachment":[{"href":"https:\/\/www.locoxelrojo.com\/independiente\/wp-json\/wp\/v2\/media?parent=5773"}],"wp:term":[{"taxonomy":"category","embeddable":true,"href":"https:\/\/www.locoxelrojo.com\/independiente\/wp-json\/wp\/v2\/categories?post=5773"},{"taxonomy":"post_tag","embeddable":true,"href":"https:\/\/www.locoxelrojo.com\/independiente\/wp-json\/wp\/v2\/tags?post=5773"}],"curies":[{"name":"wp","href":"https:\/\/api.w.org\/{rel}","templated":true}]}}