{"id":5778,"date":"2011-03-11T23:18:45","date_gmt":"2011-03-12T02:18:45","guid":{"rendered":"http:\/\/www.locoxelrojo.com.ar\/independiente\/?p=5778"},"modified":"2011-03-11T23:18:45","modified_gmt":"2011-03-12T02:18:45","slug":"el-tactico-de-mohamed","status":"publish","type":"post","link":"https:\/\/www.locoxelrojo.com\/independiente\/2011\/03\/11\/el-tactico-de-mohamed\/","title":{"rendered":"El t\u00e1ctico de Mohamed"},"content":{"rendered":"<p><a href=\"http:\/\/www.locoxelrojo.com.ar\/independiente\/wp-content\/uploads\/2011\/03\/Antonio-Mohamed.jpg\"><img loading=\"lazy\" class=\"alignnone size-full wp-image-5779\" title=\"Antonio-Mohamed\" src=\"http:\/\/www.locoxelrojo.com.ar\/independiente\/wp-content\/uploads\/2011\/03\/Antonio-Mohamed.jpg\" alt=\"\" width=\"590\" height=\"315\" srcset=\"https:\/\/locoxelrojo.com\/independiente\/wp-content\/uploads\/2011\/03\/Antonio-Mohamed.jpg 590w, https:\/\/locoxelrojo.com\/independiente\/wp-content\/uploads\/2011\/03\/Antonio-Mohamed-300x160.jpg 300w\" sizes=\"(max-width: 590px) 100vw, 590px\" \/><\/a><\/p>\n<p>Vivimos desde adentro un defensa &#8211; ataque tras la derrota frente a Godoy Cruz. Pellerano con la pelota bajo sus pies en el c\u00edrculo central. M\u00e1s adelantados, en el mediocampo Walter Busse e Iv\u00e1n P\u00e9rez. En los laterales, Nicol\u00e1s Cabrera por derecha y Federico Mancuello por izquierda. Las marcas: Samuel C\u00e1ceres y Javier B\u00e1ez encima de los delanteros Andr\u00e9s Silvera y Leonel Nu\u00f1ez. El objetivo: que los defensores busquen a los mediocampistas -Busse y P\u00e9rez- para que estos cuando reciban la marca abran hacia los laterales.<\/p>\n<p>El toque final llegaba tras los centros de Cabrera y Mancuello por derecha e izquierda respectivamente.\u00a0 Mohamed pon\u00eda la restricci\u00f3n de dos toques como m\u00e1ximo y dio muchas indicaciones a Walter Busse y Leonel Nu\u00f1ez.\u00a0 Independiente necesita definir los partidos y Mohamed busca quedar en superioridad num\u00e9rica en los ataques.\u00a0 Si bien falta contundencia, se vio un buen trabajo de Walter Busse. Cuando no lograban entrar al \u00e1rea o en las jugadas que hubo continuidad por rechazo de la defensa; Pellerano, Nu\u00f1ez y Silvera mostraron buenos remates de media distancia. En el arco, Adri\u00e1n Gabbarini.<\/p>\n<p>En la otra mitad del campo, el arquero fue Fabi\u00e1n Assman. Los defensores: Delmonte, Vel\u00e1zquez,\u00a0 Matheu, y Barcia. En ataque hicieron lo propio Mart\u00ednez, Villafa\u00f1ez y Defederico, entre otros ante la atenta mirada de los jugadores que ayer fueron titulares y trotaron sobre la banda izquierda de la cancha.<\/p>\n","protected":false},"excerpt":{"rendered":"<p>Vivimos desde adentro un defensa &#8211; ataque tras la derrota frente a Godoy Cruz. Pellerano con la pelota bajo sus pies en el c\u00edrculo central. M\u00e1s adelantados, en el mediocampo Walter Busse e Iv\u00e1n P\u00e9rez. En los laterales, Nicol\u00e1s Cabrera por derecha y Federico Mancuello por izquierda. Las marcas: Samuel C\u00e1ceres y Javier B\u00e1ez encima [&hellip;]<\/p>\n","protected":false},"author":1,"featured_media":0,"comment_status":"open","ping_status":"open","sticky":false,"template":"","format":"standard","meta":{"_links_to":"","_links_to_target":""},"categories":[3,1],"tags":[155,115,153,48,87,108,28],"_links":{"self":[{"href":"https:\/\/www.locoxelrojo.com\/independiente\/wp-json\/wp\/v2\/posts\/5778"}],"collection":[{"href":"https:\/\/www.locoxelrojo.com\/independiente\/wp-json\/wp\/v2\/posts"}],"about":[{"href":"https:\/\/www.locoxelrojo.com\/independiente\/wp-json\/wp\/v2\/types\/post"}],"author":[{"embeddable":true,"href":"https:\/\/www.locoxelrojo.com\/independiente\/wp-json\/wp\/v2\/users\/1"}],"replies":[{"embeddable":true,"href":"https:\/\/www.locoxelrojo.com\/independiente\/wp-json\/wp\/v2\/comments?post=5778"}],"version-history":[{"count":0,"href":"https:\/\/www.locoxelrojo.com\/independiente\/wp-json\/wp\/v2\/posts\/5778\/revisions"}],"wp:attachment":[{"href":"https:\/\/www.locoxelrojo.com\/independiente\/wp-json\/wp\/v2\/media?parent=5778"}],"wp:term":[{"taxonomy":"category","embeddable":true,"href":"https:\/\/www.locoxelrojo.com\/independiente\/wp-json\/wp\/v2\/categories?post=5778"},{"taxonomy":"post_tag","embeddable":true,"href":"https:\/\/www.locoxelrojo.com\/independiente\/wp-json\/wp\/v2\/tags?post=5778"}],"curies":[{"name":"wp","href":"https:\/\/api.w.org\/{rel}","templated":true}]}}