{"id":580,"date":"2010-09-02T19:03:15","date_gmt":"2010-09-02T22:03:15","guid":{"rendered":"http:\/\/www.locoxelrojo.com.ar\/independiente\/?p=580"},"modified":"2015-09-08T23:15:05","modified_gmt":"2015-09-09T02:15:05","slug":"assmann-concentrado-y-viaja-a-rosario","status":"publish","type":"post","link":"https:\/\/www.locoxelrojo.com\/independiente\/2010\/09\/02\/assmann-concentrado-y-viaja-a-rosario\/","title":{"rendered":"Concentrados vs. Newell&#8217;s: viaja Assmann"},"content":{"rendered":"<p><a href=\"http:\/\/www.locoxelrojo.com.ar\/independiente\/wp-content\/uploads\/2010\/09\/gabba-assmann.jpg\"><img loading=\"lazy\" class=\"alignnone size-full wp-image-581\" title=\"gabba-assmann\" src=\"http:\/\/www.locoxelrojo.com.ar\/independiente\/wp-content\/uploads\/2010\/09\/gabba-assmann.jpg\" alt=\"\" width=\"550\" height=\"315\" srcset=\"https:\/\/locoxelrojo.com\/independiente\/wp-content\/uploads\/2010\/09\/gabba-assmann.jpg 550w, https:\/\/locoxelrojo.com\/independiente\/wp-content\/uploads\/2010\/09\/gabba-assmann-300x171.jpg 300w\" sizes=\"(max-width: 550px) 100vw, 550px\" \/><\/a><\/p>\n<p>20 jugadores que quedar\u00e1n concentrados para el partido del s\u00e1bado ante Newell\u2019s y la principal novedad es que Fabi\u00e1n Assmann por primera vez integra la lista desde que volvi\u00f3 a Independiente.<\/p>\n<p>La novedad en la pr\u00e1ctica pas\u00f3 por el trabajo diferenciado de Gabbarini. Si Gabba no llega el titular ser\u00e1 Hilario Navarro y Assmann tendr\u00e1 un lugar entre los suplentes.<\/p>\n<p><strong>La lista:<\/strong><\/p>\n<p><strong>Arqueros:<\/strong> Adri\u00e1n Gabbarini, Hilario Navarro y Fabi\u00e1n Assman.<\/p>\n<p><strong>Defensores:<\/strong> Eduardo Tuzzio, Gabriel Vall\u00e9s, Lucas Mareque, Juli\u00e1n Vel\u00e1zquez, Maximiliano Vel\u00e1zquez y Leonel Galeano.<\/p>\n<p><strong>Volantes:<\/strong> Hern\u00e1n Fredes, Nicol\u00e1s Cabrera, Fernando Godoy, Cristian Pellerano, Federico Mancuello, Leandro Graci\u00e1n y Nicol\u00e1s Mart\u00ednez.<\/p>\n<p><strong>Delanteros:<\/strong> Andr\u00e9s Silvera, Facundo Parra, Patricio Rodr\u00edguez y Germ\u00e1n Pacheco.<\/p>\n","protected":false},"excerpt":{"rendered":"<p>20 jugadores que quedar\u00e1n concentrados para el partido del s\u00e1bado ante Newell\u2019s y la principal novedad es que Fabi\u00e1n Assmann por primera vez integra la lista desde que volvi\u00f3 a Independiente. La novedad en la pr\u00e1ctica pas\u00f3 por el trabajo diferenciado de Gabbarini. Si Gabba no llega el titular ser\u00e1 Hilario Navarro y Assmann tendr\u00e1 [&hellip;]<\/p>\n","protected":false},"author":1,"featured_media":0,"comment_status":"open","ping_status":"open","sticky":false,"template":"","format":"standard","meta":{"_links_to":"","_links_to_target":""},"categories":[1],"tags":[325,153,2828,78],"_links":{"self":[{"href":"https:\/\/www.locoxelrojo.com\/independiente\/wp-json\/wp\/v2\/posts\/580"}],"collection":[{"href":"https:\/\/www.locoxelrojo.com\/independiente\/wp-json\/wp\/v2\/posts"}],"about":[{"href":"https:\/\/www.locoxelrojo.com\/independiente\/wp-json\/wp\/v2\/types\/post"}],"author":[{"embeddable":true,"href":"https:\/\/www.locoxelrojo.com\/independiente\/wp-json\/wp\/v2\/users\/1"}],"replies":[{"embeddable":true,"href":"https:\/\/www.locoxelrojo.com\/independiente\/wp-json\/wp\/v2\/comments?post=580"}],"version-history":[{"count":0,"href":"https:\/\/www.locoxelrojo.com\/independiente\/wp-json\/wp\/v2\/posts\/580\/revisions"}],"wp:attachment":[{"href":"https:\/\/www.locoxelrojo.com\/independiente\/wp-json\/wp\/v2\/media?parent=580"}],"wp:term":[{"taxonomy":"category","embeddable":true,"href":"https:\/\/www.locoxelrojo.com\/independiente\/wp-json\/wp\/v2\/categories?post=580"},{"taxonomy":"post_tag","embeddable":true,"href":"https:\/\/www.locoxelrojo.com\/independiente\/wp-json\/wp\/v2\/tags?post=580"}],"curies":[{"name":"wp","href":"https:\/\/api.w.org\/{rel}","templated":true}]}}