{"id":5842,"date":"2011-03-13T23:40:00","date_gmt":"2011-03-14T01:40:00","guid":{"rendered":"http:\/\/www.locoxelrojo.com.ar\/independiente\/?p=5842"},"modified":"2011-03-13T23:47:00","modified_gmt":"2011-03-14T01:47:00","slug":"quiere-volver","status":"publish","type":"post","link":"https:\/\/www.locoxelrojo.com\/independiente\/2011\/03\/13\/quiere-volver\/","title":{"rendered":"Quiere volver"},"content":{"rendered":"<p><a href=\"http:\/\/www.locoxelrojo.com.ar\/independiente\/wp-content\/uploads\/2011\/03\/Nicolas_Martinez.jpg\"><img loading=\"lazy\" class=\"alignnone size-full wp-image-5843\" title=\"Nicolas_Martinez\" src=\"http:\/\/www.locoxelrojo.com.ar\/independiente\/wp-content\/uploads\/2011\/03\/Nicolas_Martinez.jpg\" alt=\"\" width=\"590\" height=\"315\" srcset=\"https:\/\/locoxelrojo.com\/independiente\/wp-content\/uploads\/2011\/03\/Nicolas_Martinez.jpg 590w, https:\/\/locoxelrojo.com\/independiente\/wp-content\/uploads\/2011\/03\/Nicolas_Martinez-300x160.jpg 300w\" sizes=\"(max-width: 590px) 100vw, 590px\" \/><\/a><\/p>\n<p>Te lo anticip\u00f3 <strong>LocoxelRojo<\/strong>, el s\u00e1bado el jugador manifest\u00f3 <em>off the record<\/em> que estaba en perfectas condiciones f\u00edsicas y se muere de ganas por volver a pelear un lugar entre los titulares. &#8220;<strong>Yo estoy perfecto, no me ponen por decisi\u00f3n futbol\u00edstica&#8221;<\/strong>, declaraba el jugador. Hoy te cont\u00e1bamos que de no sumar minutos, dejar\u00eda el club en julio.<\/p>\n<p>Hace instantes, Mart\u00ednez rompi\u00f3 el silencio. Si bien desde Racing hab\u00edan negado la oferta por el jugador a este medio, el mismo habl\u00f3 en <strong>El Gran Campe\u00f3n<\/strong> y declar\u00f3 que el inter\u00e9s existi\u00f3 pero no se fue porque se <strong>&#8220;encari\u00f1\u00f3 con el club&#8221;<\/strong>. Adem\u00e1s, busca la posibilidad de volver a jugar teniendo en cuenta que tuvo una participaci\u00f3n importante en la Copa Sudamericana.<\/p>\n<p><strong>&#8220;Me rompo el alma entrenando para volver a estar&#8221;<\/strong>, asegur\u00f3. Y luego agreg\u00f3 que solo le interesa volver a ser tenido en consideraci\u00f3n y jugar<strong>. &#8220;El turco me dijo que vio que me faltaba ritmo<\/strong>&#8220;, agreg\u00f3. Es que no hay otra explicaci\u00f3n para un jugador que era muy tenido en cuenta el semestre pasado y ahora ni concentra.<\/p>\n<p>Es m\u00e1s, Mohamed ha declarado antes de la lesi\u00f3n que este iba a ser su a\u00f1o y el de Patricio Rodr\u00edguez. Es por eso que a pesar de las ofertas, Mart\u00ednez se qued\u00f3 en el rojo.<strong> &#8220;Pense\u00b4que iba a ser considerado por el DT&#8221;<\/strong>, advirti\u00f3. El jugador tiene a\u00fan un a\u00f1o y medio de contrato pero observa desvalorizaci\u00f3n. Es por eso que necesita minutos para no tener que rescindir en julio.<\/p>\n","protected":false},"excerpt":{"rendered":"<p>Te lo anticip\u00f3 LocoxelRojo, el s\u00e1bado el jugador manifest\u00f3 off the record que estaba en perfectas condiciones f\u00edsicas y se muere de ganas por volver a pelear un lugar entre los titulares. &#8220;Yo estoy perfecto, no me ponen por decisi\u00f3n futbol\u00edstica&#8221;, declaraba el jugador. Hoy te cont\u00e1bamos que de no sumar minutos, dejar\u00eda el club [&hellip;]<\/p>\n","protected":false},"author":1,"featured_media":0,"comment_status":"open","ping_status":"open","sticky":false,"template":"","format":"standard","meta":{"_links_to":"","_links_to_target":""},"categories":[3,1],"tags":[153,37],"_links":{"self":[{"href":"https:\/\/www.locoxelrojo.com\/independiente\/wp-json\/wp\/v2\/posts\/5842"}],"collection":[{"href":"https:\/\/www.locoxelrojo.com\/independiente\/wp-json\/wp\/v2\/posts"}],"about":[{"href":"https:\/\/www.locoxelrojo.com\/independiente\/wp-json\/wp\/v2\/types\/post"}],"author":[{"embeddable":true,"href":"https:\/\/www.locoxelrojo.com\/independiente\/wp-json\/wp\/v2\/users\/1"}],"replies":[{"embeddable":true,"href":"https:\/\/www.locoxelrojo.com\/independiente\/wp-json\/wp\/v2\/comments?post=5842"}],"version-history":[{"count":0,"href":"https:\/\/www.locoxelrojo.com\/independiente\/wp-json\/wp\/v2\/posts\/5842\/revisions"}],"wp:attachment":[{"href":"https:\/\/www.locoxelrojo.com\/independiente\/wp-json\/wp\/v2\/media?parent=5842"}],"wp:term":[{"taxonomy":"category","embeddable":true,"href":"https:\/\/www.locoxelrojo.com\/independiente\/wp-json\/wp\/v2\/categories?post=5842"},{"taxonomy":"post_tag","embeddable":true,"href":"https:\/\/www.locoxelrojo.com\/independiente\/wp-json\/wp\/v2\/tags?post=5842"}],"curies":[{"name":"wp","href":"https:\/\/api.w.org\/{rel}","templated":true}]}}