{"id":58697,"date":"2015-09-28T19:52:35","date_gmt":"2015-09-28T22:52:35","guid":{"rendered":"http:\/\/www.locoxelrojo.com\/independiente\/?p=58697"},"modified":"2015-10-18T01:13:41","modified_gmt":"2015-10-18T04:13:41","slug":"concentrados-vs-olimpia-zarate-y-vidal-a-paraguay","status":"publish","type":"post","link":"https:\/\/www.locoxelrojo.com\/independiente\/2015\/09\/28\/concentrados-vs-olimpia-zarate-y-vidal-a-paraguay\/","title":{"rendered":"Concentrados vs. Olimpia: Z\u00e1rate y Vidal a Paraguay"},"content":{"rendered":"<p>Mauricio Pellegrino confirm\u00f3 la lista de concentrados para el duelo de vuelta de octavos de final de la Sudamericana ante Olimpia y realiz\u00f3 cambios con respecto a la \u00faltima n\u00f3mina.<strong> Se suman para el viaje a Paraguay Gustavo Toledo, Hern\u00e1n Pellerano, Mat\u00edas Pisano\u00a0y Alexis Z\u00e1rate. En tanto, quedaron afuera de los concentrados Nicol\u00e1s Figal y Lucas Villalba.<\/strong><\/p>\n<p><span style=\"text-decoration: underline;\"><strong>Los\u00a021 citados ante Olimpia<\/strong><\/span><\/p>\n<p><strong>Arqueros:<\/strong>\u00a0Diego Rodr\u00edguez y Germ\u00e1n Montoya.<\/p>\n<p><strong>Defensores:<\/strong>\u00a0Gustavo Toledo, Hern\u00e1n Pellerano, Nicol\u00e1s Tagliafico, Mauricio Victorino, V\u00edctor Cuesta, Emanuel Aguilera, Alexis Z\u00e1rate.<\/p>\n<p><strong>Mediocampistas:<\/strong>\u00a0Juli\u00e1n Vitale, Franco Bellocq, Jorge Ort\u00edz, Cristian Rodr\u00edguez, Mat\u00edas Pisano, Juan Manuel Trejo.<\/p>\n<p><strong>Delanteros:<\/strong>\u00a0Mart\u00edn Ben\u00edtez, Diego Vera, Lucas Albertengo, Juan Mart\u00edn Lucero, Jorge Pereyra D\u00edaz, Ezequiel Vidal.<\/p>\n","protected":false},"excerpt":{"rendered":"<p>Mauricio Pellegrino confirm\u00f3 la lista de concentrados para el duelo de vuelta de octavos de final de la Sudamericana ante Olimpia y realiz\u00f3 cambios con respecto a la \u00faltima n\u00f3mina. Se suman para el viaje a Paraguay Gustavo Toledo, Hern\u00e1n Pellerano, Mat\u00edas Pisano\u00a0y Alexis Z\u00e1rate. En tanto, quedaron afuera de los concentrados Nicol\u00e1s Figal y [&hellip;]<\/p>\n","protected":false},"author":11,"featured_media":55240,"comment_status":"open","ping_status":"closed","sticky":false,"template":"","format":"standard","meta":{"_links_to":"","_links_to_target":""},"categories":[3,1],"tags":[92,153,3049,2976,2951],"_links":{"self":[{"href":"https:\/\/www.locoxelrojo.com\/independiente\/wp-json\/wp\/v2\/posts\/58697"}],"collection":[{"href":"https:\/\/www.locoxelrojo.com\/independiente\/wp-json\/wp\/v2\/posts"}],"about":[{"href":"https:\/\/www.locoxelrojo.com\/independiente\/wp-json\/wp\/v2\/types\/post"}],"author":[{"embeddable":true,"href":"https:\/\/www.locoxelrojo.com\/independiente\/wp-json\/wp\/v2\/users\/11"}],"replies":[{"embeddable":true,"href":"https:\/\/www.locoxelrojo.com\/independiente\/wp-json\/wp\/v2\/comments?post=58697"}],"version-history":[{"count":0,"href":"https:\/\/www.locoxelrojo.com\/independiente\/wp-json\/wp\/v2\/posts\/58697\/revisions"}],"wp:featuredmedia":[{"embeddable":true,"href":"https:\/\/www.locoxelrojo.com\/independiente\/wp-json\/wp\/v2\/media\/55240"}],"wp:attachment":[{"href":"https:\/\/www.locoxelrojo.com\/independiente\/wp-json\/wp\/v2\/media?parent=58697"}],"wp:term":[{"taxonomy":"category","embeddable":true,"href":"https:\/\/www.locoxelrojo.com\/independiente\/wp-json\/wp\/v2\/categories?post=58697"},{"taxonomy":"post_tag","embeddable":true,"href":"https:\/\/www.locoxelrojo.com\/independiente\/wp-json\/wp\/v2\/tags?post=58697"}],"curies":[{"name":"wp","href":"https:\/\/api.w.org\/{rel}","templated":true}]}}