{"id":58753,"date":"2015-09-28T21:55:31","date_gmt":"2015-09-29T00:55:31","guid":{"rendered":"http:\/\/www.locoxelrojo.com\/independiente\/?p=58753"},"modified":"2015-09-28T22:15:09","modified_gmt":"2015-09-29T01:15:09","slug":"vidal-mi-intencion-es-que-me-compre-independiente","status":"publish","type":"post","link":"https:\/\/www.locoxelrojo.com\/independiente\/2015\/09\/28\/vidal-mi-intencion-es-que-me-compre-independiente\/","title":{"rendered":"Ezequiel Vidal: \u201cMi intenci\u00f3n es que me compre Independiente\u201d"},"content":{"rendered":"<p><strong>Ezequiel Vidal lleg\u00f3 a principio de a\u00f1o desde Olimpo para reforzar a la Reserva de Independiente<\/strong>. En estos meses, demostr\u00f3 que la camiseta no le pesa y <strong>se convirti\u00f3 en el goleador del equipo<\/strong>. Fue as\u00ed como Mauricio Pellegrino le dio la chance en Primera y lo puso de titular ante Lan\u00fas, donde complet\u00f3 un buen partido. El juvenil quiere ir por m\u00e1s y <strong>se ilusion\u00f3 con seguir en el club<\/strong> despu\u00e9s de diciembre.<\/p>\n<p><strong> \u201cContento en lo personal por haber jugado de titular, hay que mantenerse y entrenar fuerte para seguir as\u00ed\u201d<\/strong>, expres\u00f3 el delantero en di\u00e1logo con El Crack Deportivo, y dej\u00f3 en claro cu\u00e1l es su sue\u00f1o a corto plazo: <strong>\u201cMi intenci\u00f3n es que me compre Independiente. Pellegrino me dice que est\u00e9 tranquilo, que por algo estoy ah\u00ed. Me dice que disfrute pero que meta\u201d<\/strong>.<\/p>\n<p>Vidal se refiri\u00f3 a su gran actuaci\u00f3n en el equipo de Fernando Ber\u00f3n, donde anot\u00f3 nada menos que 8 goles: <strong>\u201cGracias a Dios, en Reserva se me dieron los goles, y si me toca bajar dejar\u00e9 todo para seguir en la punta. No dud\u00e9 ni un poco venir a Independiente\u201d<\/strong>.<\/p>\n<p>Por otro lado, opin\u00f3 sobre el nivel del Rojo en el empate ante Lan\u00fas, en el que fue su primer encuentro como titular en Primera:<strong> \u201cNos quedamos con sabor a victoria, necesit\u00e1bamos los tres puntos. Es favorable pero fuimos a buscar los tres. Hicimos un buen primer tiempo, manejamos la pelota y ellos encontraron un gol de pelota parada\u201d<\/strong>. Adem\u00e1s, elogi\u00f3 a Cristian Rodr\u00edguez: <strong>\u201cCebolla es un jugador de mucha jerarqu\u00eda, ahora que lo tenemos hay que aprovecharlo\u201d<\/strong>.<\/p>\n","protected":false},"excerpt":{"rendered":"<p>Ezequiel Vidal lleg\u00f3 a principio de a\u00f1o desde Olimpo para reforzar a la Reserva de Independiente. En estos meses, demostr\u00f3 que la camiseta no le pesa y se convirti\u00f3 en el goleador del equipo. Fue as\u00ed como Mauricio Pellegrino le dio la chance en Primera y lo puso de titular ante Lan\u00fas, donde complet\u00f3 un [&hellip;]<\/p>\n","protected":false},"author":8,"featured_media":58766,"comment_status":"open","ping_status":"closed","sticky":false,"template":"","format":"standard","meta":{"_links_to":"","_links_to_target":""},"categories":[3,1],"tags":[2951],"_links":{"self":[{"href":"https:\/\/www.locoxelrojo.com\/independiente\/wp-json\/wp\/v2\/posts\/58753"}],"collection":[{"href":"https:\/\/www.locoxelrojo.com\/independiente\/wp-json\/wp\/v2\/posts"}],"about":[{"href":"https:\/\/www.locoxelrojo.com\/independiente\/wp-json\/wp\/v2\/types\/post"}],"author":[{"embeddable":true,"href":"https:\/\/www.locoxelrojo.com\/independiente\/wp-json\/wp\/v2\/users\/8"}],"replies":[{"embeddable":true,"href":"https:\/\/www.locoxelrojo.com\/independiente\/wp-json\/wp\/v2\/comments?post=58753"}],"version-history":[{"count":0,"href":"https:\/\/www.locoxelrojo.com\/independiente\/wp-json\/wp\/v2\/posts\/58753\/revisions"}],"wp:featuredmedia":[{"embeddable":true,"href":"https:\/\/www.locoxelrojo.com\/independiente\/wp-json\/wp\/v2\/media\/58766"}],"wp:attachment":[{"href":"https:\/\/www.locoxelrojo.com\/independiente\/wp-json\/wp\/v2\/media?parent=58753"}],"wp:term":[{"taxonomy":"category","embeddable":true,"href":"https:\/\/www.locoxelrojo.com\/independiente\/wp-json\/wp\/v2\/categories?post=58753"},{"taxonomy":"post_tag","embeddable":true,"href":"https:\/\/www.locoxelrojo.com\/independiente\/wp-json\/wp\/v2\/tags?post=58753"}],"curies":[{"name":"wp","href":"https:\/\/api.w.org\/{rel}","templated":true}]}}