{"id":5884,"date":"2011-03-15T04:16:17","date_gmt":"2011-03-15T06:16:17","guid":{"rendered":"http:\/\/www.locoxelrojo.com.ar\/independiente\/?p=5884"},"modified":"2011-03-15T04:16:17","modified_gmt":"2011-03-15T06:16:17","slug":"festejo-con-gol","status":"publish","type":"post","link":"https:\/\/www.locoxelrojo.com\/independiente\/2011\/03\/15\/festejo-con-gol\/","title":{"rendered":"Festejo con gol"},"content":{"rendered":"<p><a href=\"http:\/\/www.locoxelrojo.com.ar\/independiente\/wp-content\/uploads\/2011\/03\/Silveraaaaaaaaa.jpg\"><img loading=\"lazy\" class=\"alignnone size-full wp-image-5887\" title=\"Silveraaaaaaaaa\" src=\"http:\/\/www.locoxelrojo.com.ar\/independiente\/wp-content\/uploads\/2011\/03\/Silveraaaaaaaaa.jpg\" alt=\"\" width=\"590\" height=\"315\" srcset=\"https:\/\/locoxelrojo.com\/independiente\/wp-content\/uploads\/2011\/03\/Silveraaaaaaaaa.jpg 590w, https:\/\/locoxelrojo.com\/independiente\/wp-content\/uploads\/2011\/03\/Silveraaaaaaaaa-300x160.jpg 300w\" sizes=\"(max-width: 590px) 100vw, 590px\" \/><\/a><\/p>\n<p>Justo en el d\u00eda de su cumplea\u00f1os, Andr\u00e9s Silvera volvi\u00f3 al gol. Se cort\u00f3 una racha de 5 meses y 12 d\u00edas sin que el Cuqui convierta por Torneos Locales.<\/p>\n<p>Con la buena jugada por derecha de Nicol\u00e1s Cabrera, tocando atr\u00e1s para que Silvera convierta el 3  a 0, el delantero pudo celebrar su cumplea\u00f1os n\u00famero 34 con un gol.<\/p>\n<p>La gente antes del partido core\u00f3 su nombre y tambi\u00e9n se llev\u00f3 despu\u00e9s de haber convertido una linda ovaci\u00f3n y muchos aplausos.<\/p>\n<p>Mucho se hablaba de que el Turco podr\u00eda dejar de tenerlo en cuenta, pero nada de eso pas\u00f3. Mohamed lo tuvo m\u00e1s en cuenta que nunca y el Cuqui le devolvi\u00f3 la confianza con un gol.<\/p>\n<p>Silvera no convert\u00eda por Torneos AFA desde el partido con Godoy Cruz en Mendoza. Hoy promediando el segundo tiempo le dej\u00f3 su lugar a Federico Mancuello.<\/p>\n<p>Bien por el Cuqui y muy Feliz Cumplea\u00f1os.<\/p>\n","protected":false},"excerpt":{"rendered":"<p>Justo en el d\u00eda de su cumplea\u00f1os, Andr\u00e9s Silvera volvi\u00f3 al gol. Se cort\u00f3 una racha de 5 meses y 12 d\u00edas sin que el Cuqui convierta por Torneos Locales. Con la buena jugada por derecha de Nicol\u00e1s Cabrera, tocando atr\u00e1s para que Silvera convierta el 3 a 0, el delantero pudo celebrar su cumplea\u00f1os [&hellip;]<\/p>\n","protected":false},"author":1,"featured_media":0,"comment_status":"open","ping_status":"open","sticky":false,"template":"","format":"standard","meta":{"_links_to":"","_links_to_target":""},"categories":[3,1],"tags":[155,153],"_links":{"self":[{"href":"https:\/\/www.locoxelrojo.com\/independiente\/wp-json\/wp\/v2\/posts\/5884"}],"collection":[{"href":"https:\/\/www.locoxelrojo.com\/independiente\/wp-json\/wp\/v2\/posts"}],"about":[{"href":"https:\/\/www.locoxelrojo.com\/independiente\/wp-json\/wp\/v2\/types\/post"}],"author":[{"embeddable":true,"href":"https:\/\/www.locoxelrojo.com\/independiente\/wp-json\/wp\/v2\/users\/1"}],"replies":[{"embeddable":true,"href":"https:\/\/www.locoxelrojo.com\/independiente\/wp-json\/wp\/v2\/comments?post=5884"}],"version-history":[{"count":0,"href":"https:\/\/www.locoxelrojo.com\/independiente\/wp-json\/wp\/v2\/posts\/5884\/revisions"}],"wp:attachment":[{"href":"https:\/\/www.locoxelrojo.com\/independiente\/wp-json\/wp\/v2\/media?parent=5884"}],"wp:term":[{"taxonomy":"category","embeddable":true,"href":"https:\/\/www.locoxelrojo.com\/independiente\/wp-json\/wp\/v2\/categories?post=5884"},{"taxonomy":"post_tag","embeddable":true,"href":"https:\/\/www.locoxelrojo.com\/independiente\/wp-json\/wp\/v2\/tags?post=5884"}],"curies":[{"name":"wp","href":"https:\/\/api.w.org\/{rel}","templated":true}]}}