{"id":59026,"date":"2015-09-29T12:00:58","date_gmt":"2015-09-29T15:00:58","guid":{"rendered":"http:\/\/www.locoxelrojo.com\/independiente\/?p=59026"},"modified":"2015-10-18T01:13:56","modified_gmt":"2015-10-18T04:13:56","slug":"rojos-por-el-mundo-segundo-gol-de-miranda-en-la-mls","status":"publish","type":"post","link":"https:\/\/www.locoxelrojo.com\/independiente\/2015\/09\/29\/rojos-por-el-mundo-segundo-gol-de-miranda-en-la-mls\/","title":{"rendered":"Rojos por el mundo: segundo gol de Miranda en la MLS"},"content":{"rendered":"<p><strong>Leonel Miranda, a pr\u00e9stamo en Houston Dynamo hasta diciembre, convirti\u00f3 el \u00faltimo fin de semana en la victoria ante Colorado Rapids<\/strong> y acerc\u00f3 a su equipo a los puestos de clasificaci\u00f3n para los Playoffs. En lo que va de 2015, el volante de 21 a\u00f1os jug\u00f3 17 partidos -8 como titular- y marc\u00f3 dos tantos. <strong>Debe regresar al Rojo a fin de a\u00f1o, salvo que en Estados Unidos compren el 50% de su pase.<\/strong><\/p>\n<p><strong>Leonel Miranda (Houston Dynamo \u2013 Estados Unidos):<\/strong> El volante fue titular y abri\u00f3 la cuenta del marcador a los 3 minutos del partido que termin\u00f3 con una ajustada victoria 3-2 ante Colorado Rapids. El Lolo jug\u00f3 los 90 minutos.<\/p>\n<p><strong>Lucas Biglia (Lazio \u2013 Italia):<\/strong> El mediocampista fue decisivo en el triunfo 2-1 ante el Hellas Verona como visitante: empat\u00f3 el encuentro de penal y cuando faltaban cuatro minutos para el final, hizo el pase gol para sellar la victoria. En la semana hab\u00eda sido confirmado en la lista de Gerardo Martino para la Selecci\u00f3n Argentina.<\/p>\n<p><strong>Ismael Sosa (UNAM \u2013 M\u00e9xico):<\/strong> El Chuco marc\u00f3 el \u00fanico gol del partido con el cual su equipo derrot\u00f3 1-0 a Tigres, por la d\u00e9cima fecha del torneo mexicano. En el segundo tiempo vio la tarjeta amarilla y sobre el final del encuentro fue reemplazado.<\/p>\n<p><strong>Leandro Graci\u00e1n (Deportivo Santan\u00ed \u2013 Paraguay):<\/strong> Jug\u00f3 los 90 minutos y marc\u00f3 por duplicado en el triunfo 4-1 ante Sportivo Luque\u00f1o, en el marco de la fecha 13 del f\u00fatbol guaran\u00ed. El Tano hizo el segundo y el tercero.<\/p>\n<p><strong>Claudio Ria\u00f1o (Uni\u00f3n \u2013 Argentina):<\/strong> Jug\u00f3 todo el partido, marc\u00f3 el descuento y sobre el final Adri\u00e1n Bast\u00eda le detuvo un penal. El Tatengue le gan\u00f3 3-2 a Atl\u00e9tico Rafaela, que se hab\u00eda puesto 2-0 gracias a <strong>Gabriel Graciani<\/strong> (jug\u00f3 76&#8242;) y <strong>Osmar Ferreyra<\/strong> (90&#8242;). <strong>Facundo Parra<\/strong> (90&#8242;) tambi\u00e9n estuvo en la Crema.<\/p>\n<p><strong>Cristian Men\u00e9ndez (Atl\u00e9tico Tucum\u00e1n &#8211; Argentina):<\/strong> El delantero complet\u00f3 los 90 minutos en la victoria 4-1 frente a Douglas Haig y marc\u00f3 por duplicado. Este es el segundo doblete consecutivo que hace (el anterior fue ante All Boys).<\/p>\n<p><strong>Sergio Ag\u00fcero (Manchester City \u2013 Inglaterra):<\/strong> El Kun anda con la p\u00f3lvora mojada y el City volvi\u00f3 a perder. Jug\u00f3 86 minutos en la derrota 4-1 ante el Tottenham. El delantero, que fue convocado por Gerardo Martino para las Eliminatorias, lleva un gol en siete partidos por Premier League.<\/p>\n<p><strong>Rodrigo G\u00f3mez (Quilmes \u2013 Argentina):<\/strong> Fue titular y jug\u00f3 62 minutos en la victoria 1-0 ante Defensa y Justicia como visitante. En el complemento, el Droopy fue reemplazado por <strong>Adri\u00e1n Calello<\/strong> (28&#8242;). El Cervecero acumula 11 partidos sin derrotas desde la llegada de Facundo Sava.<\/p>\n<p><strong>Patricio Vidal (Uni\u00f3n La Calera \u2013 Chile):<\/strong> El delantero, a pr\u00e9stamo en el f\u00fatbol trasandino, jug\u00f3 los 90 minutos en la derrota 1-0 contra Santiago Wanderers. En el torneo, Vidal jug\u00f3 los siete partidos -todos como titular- y marc\u00f3 dos goles. Su equipo est\u00e1 antepen\u00faltimo en la tabla.<\/p>\n<p><strong>David Abraham (Eintracht Frankfurt \u2013 Alemania):<\/strong> El defensor surgido de la cantera roja complet\u00f3 los 90 minutos en el empate 1-1 ante Herta Berl\u00edn. Desde su llegada al club, el central jug\u00f3 las siete fechas de la Bundesliga &#8211; en 5 fue titular-.<\/p>\n","protected":false},"excerpt":{"rendered":"<p>Leonel Miranda, a pr\u00e9stamo en Houston Dynamo hasta diciembre, convirti\u00f3 el \u00faltimo fin de semana en la victoria ante Colorado Rapids y acerc\u00f3 a su equipo a los puestos de clasificaci\u00f3n para los Playoffs. En lo que va de 2015, el volante de 21 a\u00f1os jug\u00f3 17 partidos -8 como titular- y marc\u00f3 dos tantos. [&hellip;]<\/p>\n","protected":false},"author":19,"featured_media":59029,"comment_status":"open","ping_status":"closed","sticky":false,"template":"","format":"standard","meta":{"_links_to":"","_links_to_target":""},"categories":[2043,1],"tags":[2197,2236,2045,171,38,1347,98,2747,3277,143],"_links":{"self":[{"href":"https:\/\/www.locoxelrojo.com\/independiente\/wp-json\/wp\/v2\/posts\/59026"}],"collection":[{"href":"https:\/\/www.locoxelrojo.com\/independiente\/wp-json\/wp\/v2\/posts"}],"about":[{"href":"https:\/\/www.locoxelrojo.com\/independiente\/wp-json\/wp\/v2\/types\/post"}],"author":[{"embeddable":true,"href":"https:\/\/www.locoxelrojo.com\/independiente\/wp-json\/wp\/v2\/users\/19"}],"replies":[{"embeddable":true,"href":"https:\/\/www.locoxelrojo.com\/independiente\/wp-json\/wp\/v2\/comments?post=59026"}],"version-history":[{"count":0,"href":"https:\/\/www.locoxelrojo.com\/independiente\/wp-json\/wp\/v2\/posts\/59026\/revisions"}],"wp:featuredmedia":[{"embeddable":true,"href":"https:\/\/www.locoxelrojo.com\/independiente\/wp-json\/wp\/v2\/media\/59029"}],"wp:attachment":[{"href":"https:\/\/www.locoxelrojo.com\/independiente\/wp-json\/wp\/v2\/media?parent=59026"}],"wp:term":[{"taxonomy":"category","embeddable":true,"href":"https:\/\/www.locoxelrojo.com\/independiente\/wp-json\/wp\/v2\/categories?post=59026"},{"taxonomy":"post_tag","embeddable":true,"href":"https:\/\/www.locoxelrojo.com\/independiente\/wp-json\/wp\/v2\/tags?post=59026"}],"curies":[{"name":"wp","href":"https:\/\/api.w.org\/{rel}","templated":true}]}}