{"id":5911,"date":"2011-03-15T12:49:54","date_gmt":"2011-03-15T15:49:54","guid":{"rendered":"http:\/\/www.locoxelrojo.com.ar\/independiente\/?p=5911"},"modified":"2011-03-15T13:56:52","modified_gmt":"2011-03-15T15:56:52","slug":"por-ahora-no-habran-mas-declaraciones","status":"publish","type":"post","link":"https:\/\/www.locoxelrojo.com\/independiente\/2011\/03\/15\/por-ahora-no-habran-mas-declaraciones\/","title":{"rendered":"Por ahora, no habr\u00e1n m\u00e1s declaraciones"},"content":{"rendered":"<p><a href=\"http:\/\/www.locoxelrojo.com.ar\/independiente\/wp-content\/uploads\/2011\/03\/entrenamiento10.jpg\"><img loading=\"lazy\" class=\"alignnone size-full wp-image-5912\" title=\"entrenamiento\" src=\"http:\/\/www.locoxelrojo.com.ar\/independiente\/wp-content\/uploads\/2011\/03\/entrenamiento10.jpg\" alt=\"\" width=\"590\" height=\"315\" srcset=\"https:\/\/locoxelrojo.com\/independiente\/wp-content\/uploads\/2011\/03\/entrenamiento10.jpg 590w, https:\/\/locoxelrojo.com\/independiente\/wp-content\/uploads\/2011\/03\/entrenamiento10-300x160.jpg 300w\" sizes=\"(max-width: 590px) 100vw, 590px\" \/><\/a><\/p>\n<p>Mario Peripoli habl\u00f3 en<strong> 90 Minutos de f\u00fatbol<\/strong> luego de que los jugadores se retirasen ayer del Estadio Libertadores de Am\u00e9rica sin emitir declaraciones a la prensa. El jefe de prensa del Club Atl\u00e9tico Independiente, aclar\u00f3 que<strong> &#8220;los jugadores estaban molestos y calculo que la decisi\u00f3n va a ser momentanea&#8221;<\/strong>. El problema,<strong> &#8220;por lo que ellos me comentaron es que ellos entienden de que han trascendido noticias que no se ajustan a la verdad sobre temas extrafutbol\u00edsticos y est\u00e1n molestos&#8221;.<\/strong><\/p>\n<p>El jefe de prensa del club tambi\u00e9n aclar\u00f3 que la decisi\u00f3n fue conjunta y acordada por todos los integrantes del plantel. <strong>&#8220;Si a mi me preguntan, yo creo que todos tienen la responsabilidad de hablar para los socios&#8221;<\/strong>, lament\u00f3.<\/p>\n<p>Cuanado le preguntaron sobre cual fue el suceso que molest\u00f3 a los jugadores de Independiente, Peripoli cont\u00f3 que le <strong>&#8220;han dicho algo en general puesto a que hay ciertos medios que han trasladado a la opini\u00f3n publica cosas que ellos desmienten&#8221;.<\/strong> Adem\u00e1s, aclar\u00f3 que &#8220;la decisi\u00f3n es del grupo en conjunto&#8221; pero a pesar de esto <strong>&#8220;esto no limita el trabajo de los periodistas que acuden a Dom\u00ednico a  cubrir los entrenamientos; se pueden ver libremente y no se limita la  libertad laboral.&#8221;.<\/strong><\/p>\n","protected":false},"excerpt":{"rendered":"<p>Mario Peripoli habl\u00f3 en 90 Minutos de f\u00fatbol luego de que los jugadores se retirasen ayer del Estadio Libertadores de Am\u00e9rica sin emitir declaraciones a la prensa. El jefe de prensa del Club Atl\u00e9tico Independiente, aclar\u00f3 que &#8220;los jugadores estaban molestos y calculo que la decisi\u00f3n va a ser momentanea&#8221;. El problema, &#8220;por lo que [&hellip;]<\/p>\n","protected":false},"author":1,"featured_media":0,"comment_status":"open","ping_status":"open","sticky":false,"template":"","format":"standard","meta":{"_links_to":"","_links_to_target":""},"categories":[3,1],"tags":[153],"_links":{"self":[{"href":"https:\/\/www.locoxelrojo.com\/independiente\/wp-json\/wp\/v2\/posts\/5911"}],"collection":[{"href":"https:\/\/www.locoxelrojo.com\/independiente\/wp-json\/wp\/v2\/posts"}],"about":[{"href":"https:\/\/www.locoxelrojo.com\/independiente\/wp-json\/wp\/v2\/types\/post"}],"author":[{"embeddable":true,"href":"https:\/\/www.locoxelrojo.com\/independiente\/wp-json\/wp\/v2\/users\/1"}],"replies":[{"embeddable":true,"href":"https:\/\/www.locoxelrojo.com\/independiente\/wp-json\/wp\/v2\/comments?post=5911"}],"version-history":[{"count":0,"href":"https:\/\/www.locoxelrojo.com\/independiente\/wp-json\/wp\/v2\/posts\/5911\/revisions"}],"wp:attachment":[{"href":"https:\/\/www.locoxelrojo.com\/independiente\/wp-json\/wp\/v2\/media?parent=5911"}],"wp:term":[{"taxonomy":"category","embeddable":true,"href":"https:\/\/www.locoxelrojo.com\/independiente\/wp-json\/wp\/v2\/categories?post=5911"},{"taxonomy":"post_tag","embeddable":true,"href":"https:\/\/www.locoxelrojo.com\/independiente\/wp-json\/wp\/v2\/tags?post=5911"}],"curies":[{"name":"wp","href":"https:\/\/api.w.org\/{rel}","templated":true}]}}