{"id":5984,"date":"2011-03-18T01:51:19","date_gmt":"2011-03-18T03:51:19","guid":{"rendered":"http:\/\/www.locoxelrojo.com.ar\/independiente\/?p=5984"},"modified":"2011-03-18T01:51:19","modified_gmt":"2011-03-18T03:51:19","slug":"mohamed-ojala-que-a-fin-de-ano-podamos-tener-2-o-3-copas-mas","status":"publish","type":"post","link":"https:\/\/www.locoxelrojo.com\/independiente\/2011\/03\/18\/mohamed-ojala-que-a-fin-de-ano-podamos-tener-2-o-3-copas-mas\/","title":{"rendered":"Mohamed: &#8220;Ojal\u00e1 que a fin de a\u00f1o podamos tener 2 o 3 copas m\u00e1s&#8221;"},"content":{"rendered":"<p><a href=\"http:\/\/www.locoxelrojo.com.ar\/independiente\/wp-content\/uploads\/2011\/03\/Mohamed_Antonio.jpg\"><img loading=\"lazy\" class=\"alignnone size-full wp-image-5985\" title=\"Mohamed_Antonio\" src=\"http:\/\/www.locoxelrojo.com.ar\/independiente\/wp-content\/uploads\/2011\/03\/Mohamed_Antonio.jpg\" alt=\"\" width=\"590\" height=\"315\" srcset=\"https:\/\/locoxelrojo.com\/independiente\/wp-content\/uploads\/2011\/03\/Mohamed_Antonio.jpg 590w, https:\/\/locoxelrojo.com\/independiente\/wp-content\/uploads\/2011\/03\/Mohamed_Antonio-300x160.jpg 300w\" sizes=\"(max-width: 590px) 100vw, 590px\" \/><\/a><\/p>\n<p>El entrenador de Independiente confirm\u00f3 a <em>De la Cuna al Infierno <\/em>en su programa radial la renovaci\u00f3n del v\u00ednculo de Eduardo Tuzzio. Adem\u00e1s, destac\u00f3 el apoyo de la gente y dio explicaciones acerca de por qu\u00e9 no incluye a Nicol\u00e1s Mart\u00ednez entre los jugadores concentrados o para la lista de la Copa Libertadores.<\/p>\n<p>Sobre la muestra de afecto de la gente para con el DT el \u00faltimo lunes frente a Newells Old Boys, Antonio Mohamed dio las gracias y manifest\u00f3: <strong>&#8220;la ovaci\u00f3n me llena de energ\u00eda y orgullo para seguir adelante, esto es una muestra de que tengo que seguir&#8221;.<\/strong><\/p>\n<p>Respecto a la renovaci\u00f3n de Eduardo Tuzzio, el t\u00e9cnico confirm\u00f3 que el contrato ser\u00e1 hasta el 2013 y <strong>&#8220;est\u00e1 muy contento porque es un jugador fundamental&#8221;<\/strong>. El mejor jugador de la Copa Sudamericana, se retirar\u00e1 entonces con la camiseta roja a los 39 a\u00f1os.<\/p>\n<p>En cuanto a los objetivos, el t\u00e9cnico motiv\u00f3 a los hinchas pensando en los cert\u00e1menes continentales. <strong>&#8220;Ojal\u00e1 que a fin de a\u00f1o podamos tener 2 o 3 copitas m\u00e1s&#8221;<\/strong>, dese\u00f3. Y luego agreg\u00f3 sobre Nicol\u00e1s Mart\u00ednez:<strong> &#8220;est\u00e1 en tercera porque ya hab\u00eda muchos jugadores en ese puesto y se tiene que ganar el mismo.&#8221;<\/strong><\/p>\n","protected":false},"excerpt":{"rendered":"<p>El entrenador de Independiente confirm\u00f3 a De la Cuna al Infierno en su programa radial la renovaci\u00f3n del v\u00ednculo de Eduardo Tuzzio. Adem\u00e1s, destac\u00f3 el apoyo de la gente y dio explicaciones acerca de por qu\u00e9 no incluye a Nicol\u00e1s Mart\u00ednez entre los jugadores concentrados o para la lista de la Copa Libertadores. Sobre la [&hellip;]<\/p>\n","protected":false},"author":1,"featured_media":0,"comment_status":"open","ping_status":"open","sticky":false,"template":"","format":"standard","meta":{"_links_to":"","_links_to_target":""},"categories":[3,1],"tags":[115,681,135,37],"_links":{"self":[{"href":"https:\/\/www.locoxelrojo.com\/independiente\/wp-json\/wp\/v2\/posts\/5984"}],"collection":[{"href":"https:\/\/www.locoxelrojo.com\/independiente\/wp-json\/wp\/v2\/posts"}],"about":[{"href":"https:\/\/www.locoxelrojo.com\/independiente\/wp-json\/wp\/v2\/types\/post"}],"author":[{"embeddable":true,"href":"https:\/\/www.locoxelrojo.com\/independiente\/wp-json\/wp\/v2\/users\/1"}],"replies":[{"embeddable":true,"href":"https:\/\/www.locoxelrojo.com\/independiente\/wp-json\/wp\/v2\/comments?post=5984"}],"version-history":[{"count":0,"href":"https:\/\/www.locoxelrojo.com\/independiente\/wp-json\/wp\/v2\/posts\/5984\/revisions"}],"wp:attachment":[{"href":"https:\/\/www.locoxelrojo.com\/independiente\/wp-json\/wp\/v2\/media?parent=5984"}],"wp:term":[{"taxonomy":"category","embeddable":true,"href":"https:\/\/www.locoxelrojo.com\/independiente\/wp-json\/wp\/v2\/categories?post=5984"},{"taxonomy":"post_tag","embeddable":true,"href":"https:\/\/www.locoxelrojo.com\/independiente\/wp-json\/wp\/v2\/tags?post=5984"}],"curies":[{"name":"wp","href":"https:\/\/api.w.org\/{rel}","templated":true}]}}