{"id":60799,"date":"2015-10-22T23:35:57","date_gmt":"2015-10-23T02:35:57","guid":{"rendered":"http:\/\/www.locoxelrojo.com\/independiente\/?p=60799"},"modified":"2015-10-23T04:56:33","modified_gmt":"2015-10-23T07:56:33","slug":"mancuello-lo-vamos-a-dar-vuelta","status":"publish","type":"post","link":"https:\/\/www.locoxelrojo.com\/independiente\/2015\/10\/22\/mancuello-lo-vamos-a-dar-vuelta\/","title":{"rendered":"Mancuello: \u201cLo vamos a dar vuelta\u201d"},"content":{"rendered":"<p><strong>Federico Mancuello se mostr\u00f3 confiado de poder revertir el resultado en Colombia y lograr pasar de ronda en la Copa Sudamericana.<\/strong> Si bien admiti\u00f3 que no supieron como da\u00f1ar a Santa Fe, resalt\u00f3 que no es imposible y que quedan otros 90 minutos por disputar.<\/p>\n<p><strong>\u201cNos vamos dolidos, pero nos quedan 90 minutos para jugar all\u00e1 y lo vamos a dar vuelta. Estamos a un gol y el equipo viene convirtiendo seguido\u201d<\/strong>, solt\u00f3 el capit\u00e1n con total seguridad luego de caer 1-0 frente a Independiente Santa Fe en la ida de los cuartos de final en Avellaneda. Adem\u00e1s, agreg\u00f3 que el equipo <strong>\u201ctiene que cambiar mucho para revertir esta imagen\u201d<\/strong>.<\/p>\n<p><strong>\u201cNo nos dejaron hacer nuestro juego, pero ellos tampoco hicieron mucho. El gol es un centro que se mete en el arco. El resultado ya est\u00e1, lo que pas\u00f3 no se puede modificar. Tuvimos paciencia, falt\u00f3 v\u00e9rtigo y llegar con m\u00e1s gente\u201d<\/strong>, analiz\u00f3. <strong>\u201cNo podemos hacer hincapi\u00e9 en el penal. Intentamos por abajo, pero nos falt\u00f3 profundidad. Tuvimos la pelota, pero sin da\u00f1arlos. Puede ser que el penal haya sido un mal momento, pero nosotros sab\u00edamos que ten\u00edamos que reponernos de ese momento\u201d<\/strong>, a\u00f1adi\u00f3.<\/p>\n<p><strong>\u201cEn el segundo tiempo mostramos otra imagen y ellos se encontraron con una jugada aislada. Porque despu\u00e9s, a mi entender, no tuvieron situaciones\u201d<\/strong>, resalt\u00f3.<\/p>\n<p>Para finalizar, respald\u00f3 a Diego Rodr\u00edguez tras haber errado un penal y ser responsable en el tanto que le dio el triunfo al conjunto colombiano. <strong>\u201cMuchas veces nos salv\u00f3 y convirti\u00f3 penales importantes. Hay que apoyarlo\u201d<\/strong>, cerr\u00f3.<\/p>\n","protected":false},"excerpt":{"rendered":"<p>Federico Mancuello se mostr\u00f3 confiado de poder revertir el resultado en Colombia y lograr pasar de ronda en la Copa Sudamericana. Si bien admiti\u00f3 que no supieron como da\u00f1ar a Santa Fe, resalt\u00f3 que no es imposible y que quedan otros 90 minutos por disputar. \u201cNos vamos dolidos, pero nos quedan 90 minutos para jugar [&hellip;]<\/p>\n","protected":false},"author":16,"featured_media":60807,"comment_status":"open","ping_status":"closed","sticky":false,"template":"","format":"standard","meta":{"_links_to":"","_links_to_target":""},"categories":[7,3,1],"tags":[153,2976,48,3063],"_links":{"self":[{"href":"https:\/\/www.locoxelrojo.com\/independiente\/wp-json\/wp\/v2\/posts\/60799"}],"collection":[{"href":"https:\/\/www.locoxelrojo.com\/independiente\/wp-json\/wp\/v2\/posts"}],"about":[{"href":"https:\/\/www.locoxelrojo.com\/independiente\/wp-json\/wp\/v2\/types\/post"}],"author":[{"embeddable":true,"href":"https:\/\/www.locoxelrojo.com\/independiente\/wp-json\/wp\/v2\/users\/16"}],"replies":[{"embeddable":true,"href":"https:\/\/www.locoxelrojo.com\/independiente\/wp-json\/wp\/v2\/comments?post=60799"}],"version-history":[{"count":0,"href":"https:\/\/www.locoxelrojo.com\/independiente\/wp-json\/wp\/v2\/posts\/60799\/revisions"}],"wp:featuredmedia":[{"embeddable":true,"href":"https:\/\/www.locoxelrojo.com\/independiente\/wp-json\/wp\/v2\/media\/60807"}],"wp:attachment":[{"href":"https:\/\/www.locoxelrojo.com\/independiente\/wp-json\/wp\/v2\/media?parent=60799"}],"wp:term":[{"taxonomy":"category","embeddable":true,"href":"https:\/\/www.locoxelrojo.com\/independiente\/wp-json\/wp\/v2\/categories?post=60799"},{"taxonomy":"post_tag","embeddable":true,"href":"https:\/\/www.locoxelrojo.com\/independiente\/wp-json\/wp\/v2\/tags?post=60799"}],"curies":[{"name":"wp","href":"https:\/\/api.w.org\/{rel}","templated":true}]}}