{"id":60860,"date":"2015-10-27T14:45:26","date_gmt":"2015-10-27T17:45:26","guid":{"rendered":"http:\/\/www.locoxelrojo.com\/independiente\/?p=60860"},"modified":"2015-10-27T16:14:05","modified_gmt":"2015-10-27T19:14:05","slug":"practica-y-viaje-a-colombia","status":"publish","type":"post","link":"https:\/\/www.locoxelrojo.com\/independiente\/2015\/10\/27\/practica-y-viaje-a-colombia\/","title":{"rendered":"Pr\u00e1ctica y viaje a Colombia"},"content":{"rendered":"<p><strong>El plantel de Independiente se entren\u00f3 por \u00faltima vez en Villa Dom\u00ednico antes de viajar a Colombia<\/strong> y Mauricio Pellegrino sigui\u00f3 probando variantes para enfrentar a Santa Fe.<\/p>\n<p>El entrenador realiz\u00f3 un cambio con respecto al equipo que hab\u00eda parado el lunes: <strong>sac\u00f3 del equipo a Cristian Rodr\u00edguez y mand\u00f3 a la cancha a Ezequiel Vidal<\/strong>. Igualmente, <strong>el Cebolla fue inclu\u00eddo en la lista de concentrados<\/strong>.<\/p>\n<p>Los once que eligi\u00f3 Pellegrino fueron <strong>Diego Rodr\u00edguez; Gustavo Toledo, Hern\u00e1n Pellerano, V\u00edctor Cuesta, Nicol\u00e1s Tagliafico; Juli\u00e1n Vitale, Jorge Ort\u00edz, Federico Mancuello; Mart\u00edn Ben\u00edtez, Ezequiel Vidal y Diego Vera<\/strong>.<\/p>\n<p><strong>Los jugadores partir\u00e1n hacia Cali a las 16:45 desde el Aeroparque Jorge Newbery con destino a Cali<\/strong>, con el fin de tener dos d\u00edas de adaptaci\u00f3n a la altura colombiana. <strong>Jorge Pereyra D\u00edaz se lesion\u00f3 en la pr\u00e1ctica matutina y qued\u00f3 desafectado de la n\u00f3mina<\/strong>.<\/p>\n","protected":false},"excerpt":{"rendered":"<p>El plantel de Independiente se entren\u00f3 por \u00faltima vez en Villa Dom\u00ednico antes de viajar a Colombia y Mauricio Pellegrino sigui\u00f3 probando variantes para enfrentar a Santa Fe. El entrenador realiz\u00f3 un cambio con respecto al equipo que hab\u00eda parado el lunes: sac\u00f3 del equipo a Cristian Rodr\u00edguez y mand\u00f3 a la cancha a Ezequiel [&hellip;]<\/p>\n","protected":false},"author":8,"featured_media":60861,"comment_status":"open","ping_status":"closed","sticky":false,"template":"","format":"standard","meta":{"_links_to":"","_links_to_target":""},"categories":[3,1],"tags":[26,2951,172],"_links":{"self":[{"href":"https:\/\/www.locoxelrojo.com\/independiente\/wp-json\/wp\/v2\/posts\/60860"}],"collection":[{"href":"https:\/\/www.locoxelrojo.com\/independiente\/wp-json\/wp\/v2\/posts"}],"about":[{"href":"https:\/\/www.locoxelrojo.com\/independiente\/wp-json\/wp\/v2\/types\/post"}],"author":[{"embeddable":true,"href":"https:\/\/www.locoxelrojo.com\/independiente\/wp-json\/wp\/v2\/users\/8"}],"replies":[{"embeddable":true,"href":"https:\/\/www.locoxelrojo.com\/independiente\/wp-json\/wp\/v2\/comments?post=60860"}],"version-history":[{"count":0,"href":"https:\/\/www.locoxelrojo.com\/independiente\/wp-json\/wp\/v2\/posts\/60860\/revisions"}],"wp:featuredmedia":[{"embeddable":true,"href":"https:\/\/www.locoxelrojo.com\/independiente\/wp-json\/wp\/v2\/media\/60861"}],"wp:attachment":[{"href":"https:\/\/www.locoxelrojo.com\/independiente\/wp-json\/wp\/v2\/media?parent=60860"}],"wp:term":[{"taxonomy":"category","embeddable":true,"href":"https:\/\/www.locoxelrojo.com\/independiente\/wp-json\/wp\/v2\/categories?post=60860"},{"taxonomy":"post_tag","embeddable":true,"href":"https:\/\/www.locoxelrojo.com\/independiente\/wp-json\/wp\/v2\/tags?post=60860"}],"curies":[{"name":"wp","href":"https:\/\/api.w.org\/{rel}","templated":true}]}}