{"id":61239,"date":"2015-11-17T15:25:51","date_gmt":"2015-11-17T18:25:51","guid":{"rendered":"http:\/\/www.locoxelrojo.com\/independiente\/?p=61239"},"modified":"2015-11-17T15:25:51","modified_gmt":"2015-11-17T18:25:51","slug":"hay-equipo-3","status":"publish","type":"post","link":"https:\/\/www.locoxelrojo.com\/independiente\/2015\/11\/17\/hay-equipo-3\/","title":{"rendered":"Hay equipo"},"content":{"rendered":"<p><strong>En la pr\u00e1ctica de este martes Mauricio Pellegrino confirm\u00f3 el equipo que recibir\u00e1 el jueves a Belgrano de C\u00f3rdoba en la semifinal de la Liguilla Pre Libertadores.<\/strong> Jorge Ort\u00edz ser\u00e1 titular y, en caso de no llegar en \u00f3ptimas condiciones, Mat\u00edas Pisano ocupar\u00e1 su lugar.<\/p>\n<p>Independiente se entren\u00f3 esta ma\u00f1ana en el predio de Villa Dom\u00ednico, donde Pellegrino realiz\u00f3 un ensayo t\u00e1ctico y par\u00f3 el mismo once inicial que en el d\u00eda de ayer. <strong>Cristian Rodr\u00edguez, Jes\u00fas M\u00e9ndez y Ort\u00edz reemplazar\u00e1n a Juli\u00e1n Vitale, Ezequiel Vidal y Mat\u00edas Pisano. Si bien el entrenador confirm\u00f3 el equipo, tambi\u00e9n le dej\u00f3 la puerta abierta a Pisano por si el Marciano no llega en las mejores condiciones f\u00edsicas.<\/strong><\/p>\n<p><strong>Diego Rodr\u00edguez; Gustavo Toledo, Hern\u00e1n Pellerano, V\u00edctor Cuesta, Nicol\u00e1s Tagliafico; M\u00e9ndez, Ort\u00edz; Mart\u00edn Ben\u00edtez, Rodr\u00edguez, Federico Mancuello y Diego Vera<\/strong>, ser\u00e1n los titulares frente al Pirata.<\/p>\n<p>Ma\u00f1ana mi\u00e9rcoles habr\u00e1 una nueva pr\u00e1ctica y al t\u00e9rmino de la misma el plantel quedar\u00e1 concentrado en el Hotel Sheraton a la espera del partido.<\/p>\n","protected":false},"excerpt":{"rendered":"<p>En la pr\u00e1ctica de este martes Mauricio Pellegrino confirm\u00f3 el equipo que recibir\u00e1 el jueves a Belgrano de C\u00f3rdoba en la semifinal de la Liguilla Pre Libertadores. Jorge Ort\u00edz ser\u00e1 titular y, en caso de no llegar en \u00f3ptimas condiciones, Mat\u00edas Pisano ocupar\u00e1 su lugar. Independiente se entren\u00f3 esta ma\u00f1ana en el predio de Villa [&hellip;]<\/p>\n","protected":false},"author":1,"featured_media":61240,"comment_status":"open","ping_status":"closed","sticky":false,"template":"","format":"standard","meta":{"_links_to":"","_links_to_target":""},"categories":[3,1],"tags":[26,2969,2243,2166,172],"_links":{"self":[{"href":"https:\/\/www.locoxelrojo.com\/independiente\/wp-json\/wp\/v2\/posts\/61239"}],"collection":[{"href":"https:\/\/www.locoxelrojo.com\/independiente\/wp-json\/wp\/v2\/posts"}],"about":[{"href":"https:\/\/www.locoxelrojo.com\/independiente\/wp-json\/wp\/v2\/types\/post"}],"author":[{"embeddable":true,"href":"https:\/\/www.locoxelrojo.com\/independiente\/wp-json\/wp\/v2\/users\/1"}],"replies":[{"embeddable":true,"href":"https:\/\/www.locoxelrojo.com\/independiente\/wp-json\/wp\/v2\/comments?post=61239"}],"version-history":[{"count":0,"href":"https:\/\/www.locoxelrojo.com\/independiente\/wp-json\/wp\/v2\/posts\/61239\/revisions"}],"wp:featuredmedia":[{"embeddable":true,"href":"https:\/\/www.locoxelrojo.com\/independiente\/wp-json\/wp\/v2\/media\/61240"}],"wp:attachment":[{"href":"https:\/\/www.locoxelrojo.com\/independiente\/wp-json\/wp\/v2\/media?parent=61239"}],"wp:term":[{"taxonomy":"category","embeddable":true,"href":"https:\/\/www.locoxelrojo.com\/independiente\/wp-json\/wp\/v2\/categories?post=61239"},{"taxonomy":"post_tag","embeddable":true,"href":"https:\/\/www.locoxelrojo.com\/independiente\/wp-json\/wp\/v2\/tags?post=61239"}],"curies":[{"name":"wp","href":"https:\/\/api.w.org\/{rel}","templated":true}]}}