{"id":61365,"date":"2015-11-20T14:00:57","date_gmt":"2015-11-20T17:00:57","guid":{"rendered":"http:\/\/www.locoxelrojo.com\/independiente\/?p=61365"},"modified":"2015-11-20T21:56:02","modified_gmt":"2015-11-21T00:56:02","slug":"no-descansaron","status":"publish","type":"post","link":"https:\/\/www.locoxelrojo.com\/independiente\/2015\/11\/20\/no-descansaron\/","title":{"rendered":"No descansaron"},"content":{"rendered":"<p>Despu\u00e9s de la goleada ante Belgrano, <strong>el plantel de Independiente no tuvo descanso y retom\u00f3 los entrenamientos este viernes por la ma\u00f1ana<\/strong> en el predio de Villa Dom\u00ednico.<\/p>\n<p>Los jugadores que participaron del partido ante Pirata realizaron <strong>ejercicios regenerativos para aliviar las cargas<\/strong>, mientras que el resto hizo <strong>f\u00fatbol en espacios reducidos<\/strong>.<\/p>\n<p>Por su parte, <strong>Federico Mancuello<\/strong>, quien sali\u00f3 lesionado en el primer tiempo, <strong>trabaj\u00f3 en kinesiolog\u00eda<\/strong> para empezar la recuperaci\u00f3n de su esguince de tobillo. El capit\u00e1n <strong>llegar\u00eda sin problemas para la final de la Liguilla.<\/strong><\/p>\n<p>Mientras espera rival, <strong>Mauricio Pellegrino decidi\u00f3 darle el fin de semana libre a sus dirigidos y volver a las pr\u00e1cticas el lunes por la ma\u00f1ana<\/strong>, pensando ya en la primera final del Reducido que otorga un cupo a la Copa Libertadores.<\/p>\n","protected":false},"excerpt":{"rendered":"<p>Despu\u00e9s de la goleada ante Belgrano, el plantel de Independiente no tuvo descanso y retom\u00f3 los entrenamientos este viernes por la ma\u00f1ana en el predio de Villa Dom\u00ednico. Los jugadores que participaron del partido ante Pirata realizaron ejercicios regenerativos para aliviar las cargas, mientras que el resto hizo f\u00fatbol en espacios reducidos. Por su parte, [&hellip;]<\/p>\n","protected":false},"author":8,"featured_media":60859,"comment_status":"open","ping_status":"closed","sticky":false,"template":"","format":"standard","meta":{"_links_to":"","_links_to_target":""},"categories":[3,1],"tags":[26,172],"_links":{"self":[{"href":"https:\/\/www.locoxelrojo.com\/independiente\/wp-json\/wp\/v2\/posts\/61365"}],"collection":[{"href":"https:\/\/www.locoxelrojo.com\/independiente\/wp-json\/wp\/v2\/posts"}],"about":[{"href":"https:\/\/www.locoxelrojo.com\/independiente\/wp-json\/wp\/v2\/types\/post"}],"author":[{"embeddable":true,"href":"https:\/\/www.locoxelrojo.com\/independiente\/wp-json\/wp\/v2\/users\/8"}],"replies":[{"embeddable":true,"href":"https:\/\/www.locoxelrojo.com\/independiente\/wp-json\/wp\/v2\/comments?post=61365"}],"version-history":[{"count":0,"href":"https:\/\/www.locoxelrojo.com\/independiente\/wp-json\/wp\/v2\/posts\/61365\/revisions"}],"wp:featuredmedia":[{"embeddable":true,"href":"https:\/\/www.locoxelrojo.com\/independiente\/wp-json\/wp\/v2\/media\/60859"}],"wp:attachment":[{"href":"https:\/\/www.locoxelrojo.com\/independiente\/wp-json\/wp\/v2\/media?parent=61365"}],"wp:term":[{"taxonomy":"category","embeddable":true,"href":"https:\/\/www.locoxelrojo.com\/independiente\/wp-json\/wp\/v2\/categories?post=61365"},{"taxonomy":"post_tag","embeddable":true,"href":"https:\/\/www.locoxelrojo.com\/independiente\/wp-json\/wp\/v2\/tags?post=61365"}],"curies":[{"name":"wp","href":"https:\/\/api.w.org\/{rel}","templated":true}]}}