{"id":61382,"date":"2015-11-23T14:00:51","date_gmt":"2015-11-23T17:00:51","guid":{"rendered":"http:\/\/www.locoxelrojo.com\/independiente\/?p=61382"},"modified":"2015-11-23T16:24:34","modified_gmt":"2015-11-23T19:24:34","slug":"pensando-en-la-primera-final","status":"publish","type":"post","link":"https:\/\/www.locoxelrojo.com\/independiente\/2015\/11\/23\/pensando-en-la-primera-final\/","title":{"rendered":"Pensando en la primera final"},"content":{"rendered":"<p><strong>El plantel de Independiente empez\u00f3 la semana de entrenamientos de cara al partido ante Racing<\/strong> por la primera final de la Liguilla Pre-Libertadores, que se jugar\u00e1 este domingo en el Libertadores de Am\u00e9rica.<\/p>\n<p>Despu\u00e9s de un fin de semana de descanso, los jugadores volvieron este lunes por la ma\u00f1ana a Villa Dom\u00ednico y realizaron ejercicios f\u00edsicos, movimientos con pelota y trabajos t\u00e1cticos. <strong>El \u00fanico al margen fue Federico Mancuello, quien trabaj\u00f3 en kinesiolog\u00eda para recuperarse de un esguince de tobillo<\/strong>.<\/p>\n<p>Todav\u00eda no hay pistas del equipo que jugar\u00e1 el primer Cl\u00e1sico de Avellaneda. Mauricio Pellegrino ya sabe que <strong>deber\u00e1 hacer al menos un cambio por la expulsi\u00f3n de Jes\u00fas M\u00e9ndez, pero tambi\u00e9n seguir\u00e1 de cerca la evoluci\u00f3n del capit\u00e1n<\/strong> para ver si llega en condiciones para el domingo.<\/p>\n","protected":false},"excerpt":{"rendered":"<p>El plantel de Independiente empez\u00f3 la semana de entrenamientos de cara al partido ante Racing por la primera final de la Liguilla Pre-Libertadores, que se jugar\u00e1 este domingo en el Libertadores de Am\u00e9rica. Despu\u00e9s de un fin de semana de descanso, los jugadores volvieron este lunes por la ma\u00f1ana a Villa Dom\u00ednico y realizaron ejercicios [&hellip;]<\/p>\n","protected":false},"author":8,"featured_media":61383,"comment_status":"open","ping_status":"closed","sticky":false,"template":"","format":"standard","meta":{"_links_to":"","_links_to_target":""},"categories":[3,1],"tags":[26,172],"_links":{"self":[{"href":"https:\/\/www.locoxelrojo.com\/independiente\/wp-json\/wp\/v2\/posts\/61382"}],"collection":[{"href":"https:\/\/www.locoxelrojo.com\/independiente\/wp-json\/wp\/v2\/posts"}],"about":[{"href":"https:\/\/www.locoxelrojo.com\/independiente\/wp-json\/wp\/v2\/types\/post"}],"author":[{"embeddable":true,"href":"https:\/\/www.locoxelrojo.com\/independiente\/wp-json\/wp\/v2\/users\/8"}],"replies":[{"embeddable":true,"href":"https:\/\/www.locoxelrojo.com\/independiente\/wp-json\/wp\/v2\/comments?post=61382"}],"version-history":[{"count":0,"href":"https:\/\/www.locoxelrojo.com\/independiente\/wp-json\/wp\/v2\/posts\/61382\/revisions"}],"wp:featuredmedia":[{"embeddable":true,"href":"https:\/\/www.locoxelrojo.com\/independiente\/wp-json\/wp\/v2\/media\/61383"}],"wp:attachment":[{"href":"https:\/\/www.locoxelrojo.com\/independiente\/wp-json\/wp\/v2\/media?parent=61382"}],"wp:term":[{"taxonomy":"category","embeddable":true,"href":"https:\/\/www.locoxelrojo.com\/independiente\/wp-json\/wp\/v2\/categories?post=61382"},{"taxonomy":"post_tag","embeddable":true,"href":"https:\/\/www.locoxelrojo.com\/independiente\/wp-json\/wp\/v2\/tags?post=61382"}],"curies":[{"name":"wp","href":"https:\/\/api.w.org\/{rel}","templated":true}]}}