{"id":6142,"date":"2011-03-24T02:49:42","date_gmt":"2011-03-24T05:49:42","guid":{"rendered":"http:\/\/www.locoxelrojo.com.ar\/independiente\/?p=6142"},"modified":"2011-03-24T02:53:42","modified_gmt":"2011-03-24T05:53:42","slug":"todos-los-relatos-2","status":"publish","type":"post","link":"https:\/\/www.locoxelrojo.com\/independiente\/2011\/03\/24\/todos-los-relatos-2\/","title":{"rendered":"Todos los relatos"},"content":{"rendered":"<p><a href=\"http:\/\/www.locoxelrojo.com.ar\/independiente\/wp-content\/uploads\/2011\/03\/Independiente_GodoyCruz2.jpg\"><img loading=\"lazy\" class=\"alignnone size-full wp-image-6144\" title=\"Independiente_GodoyCruz\" src=\"http:\/\/www.locoxelrojo.com.ar\/independiente\/wp-content\/uploads\/2011\/03\/Independiente_GodoyCruz2.jpg\" alt=\"\" width=\"590\" height=\"315\" srcset=\"https:\/\/locoxelrojo.com\/independiente\/wp-content\/uploads\/2011\/03\/Independiente_GodoyCruz2.jpg 590w, https:\/\/locoxelrojo.com\/independiente\/wp-content\/uploads\/2011\/03\/Independiente_GodoyCruz2-300x160.jpg 300w\" sizes=\"(max-width: 590px) 100vw, 590px\" \/><\/a><\/p>\n<p>Como despu\u00e9s de cada jornada, <strong>LocoxelRojo te trae los relatos de los goles desde los diferentes medios<\/strong>. Prest\u00e1 atenci\u00f3n al particular relato en portugues del gol de Mat\u00edas Defederico.<\/p>\n<p><em><strong>Gustavo Cima en Fox Sports Radio Del Plata<\/strong><\/em><\/p>\n<p><object classid=\"clsid:d27cdb6e-ae6d-11cf-96b8-444553540000\" width=\"335\" height=\"28\" codebase=\"http:\/\/download.macromedia.com\/pub\/shockwave\/cabs\/flash\/swflash.cab#version=6,0,40,0\"><param name=\"allowFullScreen\" value=\"true\" \/><param name=\"allowscriptaccess\" value=\"always\" \/><param name=\"wmode\" value=\"transparent\" \/><param name=\"src\" value=\"http:\/\/www.divshare.com\/flash\/audio_embed?data=YTo2OntzOjU6ImFwaUlkIjtzOjE6IjQiO3M6NjoiZmlsZUlkIjtzOjg6IjE0MzkwODQzIjtzOjQ6ImNvZGUiO3M6MTI6IjE0MzkwODQzLTU4ZCI7czo2OiJ1c2VySWQiO3M6NzoiMjIxMTE0MSI7czoxMjoiZXh0ZXJuYWxDYWxsIjtpOjE7czo0OiJ0aW1lIjtpOjEzMDA5NDQwMDE7fQ==&amp;autoplay=default\" \/><param name=\"allowfullscreen\" value=\"true\" \/><embed type=\"application\/x-shockwave-flash\" width=\"335\" height=\"28\" src=\"http:\/\/www.divshare.com\/flash\/audio_embed?data=YTo2OntzOjU6ImFwaUlkIjtzOjE6IjQiO3M6NjoiZmlsZUlkIjtzOjg6IjE0MzkwODQzIjtzOjQ6ImNvZGUiO3M6MTI6IjE0MzkwODQzLTU4ZCI7czo2OiJ1c2VySWQiO3M6NzoiMjIxMTE0MSI7czoxMjoiZXh0ZXJuYWxDYWxsIjtpOjE7czo0OiJ0aW1lIjtpOjEzMDA5NDQwMDE7fQ==&amp;autoplay=default\" wmode=\"transparent\" allowscriptaccess=\"always\" allowfullscreen=\"true\"><\/embed><\/object><\/p>\n<p><em><strong>Mariano Closs en Fox Sports<\/strong><\/em><\/p>\n<p><object classid=\"clsid:d27cdb6e-ae6d-11cf-96b8-444553540000\" width=\"335\" height=\"28\" codebase=\"http:\/\/download.macromedia.com\/pub\/shockwave\/cabs\/flash\/swflash.cab#version=6,0,40,0\"><param name=\"allowFullScreen\" value=\"true\" \/><param name=\"allowscriptaccess\" value=\"always\" \/><param name=\"wmode\" value=\"transparent\" \/><param name=\"src\" value=\"http:\/\/www.divshare.com\/flash\/audio_embed?data=YTo2OntzOjU6ImFwaUlkIjtzOjE6IjQiO3M6NjoiZmlsZUlkIjtzOjg6IjE0MzkwODc2IjtzOjQ6ImNvZGUiO3M6MTI6IjE0MzkwODc2LWE4MCI7czo2OiJ1c2VySWQiO3M6NzoiMjIxMTE0MSI7czoxMjoiZXh0ZXJuYWxDYWxsIjtpOjE7czo0OiJ0aW1lIjtpOjEzMDA5NDUzMzY7fQ==&amp;autoplay=default\" \/><param name=\"allowfullscreen\" value=\"true\" \/><embed type=\"application\/x-shockwave-flash\" width=\"335\" height=\"28\" src=\"http:\/\/www.divshare.com\/flash\/audio_embed?data=YTo2OntzOjU6ImFwaUlkIjtzOjE6IjQiO3M6NjoiZmlsZUlkIjtzOjg6IjE0MzkwODc2IjtzOjQ6ImNvZGUiO3M6MTI6IjE0MzkwODc2LWE4MCI7czo2OiJ1c2VySWQiO3M6NzoiMjIxMTE0MSI7czoxMjoiZXh0ZXJuYWxDYWxsIjtpOjE7czo0OiJ0aW1lIjtpOjEzMDA5NDUzMzY7fQ==&amp;autoplay=default\" wmode=\"transparent\" allowscriptaccess=\"always\" allowfullscreen=\"true\"><\/embed><\/object><\/p>\n<p><em><strong>Gustavo D\u00edaz en ESPN Radio en Rivadavia<\/strong><\/em><\/p>\n<p><object classid=\"clsid:d27cdb6e-ae6d-11cf-96b8-444553540000\" width=\"335\" height=\"28\" codebase=\"http:\/\/download.macromedia.com\/pub\/shockwave\/cabs\/flash\/swflash.cab#version=6,0,40,0\"><param name=\"allowFullScreen\" value=\"true\" \/><param name=\"allowscriptaccess\" value=\"always\" \/><param name=\"wmode\" value=\"transparent\" \/><param name=\"src\" value=\"http:\/\/www.divshare.com\/flash\/audio_embed?data=YTo2OntzOjU6ImFwaUlkIjtzOjE6IjQiO3M6NjoiZmlsZUlkIjtzOjg6IjE0MzkwODgyIjtzOjQ6ImNvZGUiO3M6MTI6IjE0MzkwODgyLTk0ZSI7czo2OiJ1c2VySWQiO3M6NzoiMjIxMTE0MSI7czoxMjoiZXh0ZXJuYWxDYWxsIjtpOjE7czo0OiJ0aW1lIjtpOjEzMDA5NDU3MDA7fQ==&amp;autoplay=default\" \/><param name=\"allowfullscreen\" value=\"true\" \/><embed type=\"application\/x-shockwave-flash\" width=\"335\" height=\"28\" src=\"http:\/\/www.divshare.com\/flash\/audio_embed?data=YTo2OntzOjU6ImFwaUlkIjtzOjE6IjQiO3M6NjoiZmlsZUlkIjtzOjg6IjE0MzkwODgyIjtzOjQ6ImNvZGUiO3M6MTI6IjE0MzkwODgyLTk0ZSI7czo2OiJ1c2VySWQiO3M6NzoiMjIxMTE0MSI7czoxMjoiZXh0ZXJuYWxDYWxsIjtpOjE7czo0OiJ0aW1lIjtpOjEzMDA5NDU3MDA7fQ==&amp;autoplay=default\" wmode=\"transparent\" allowscriptaccess=\"always\" allowfullscreen=\"true\"><\/embed><\/object><\/p>\n<p><em><strong>El gol de Mat\u00edas Defederico relatado por la televisi\u00f3n brasilera<\/strong><\/em><\/p>\n<p><object classid=\"clsid:d27cdb6e-ae6d-11cf-96b8-444553540000\" width=\"335\" height=\"28\" codebase=\"http:\/\/download.macromedia.com\/pub\/shockwave\/cabs\/flash\/swflash.cab#version=6,0,40,0\"><param name=\"allowFullScreen\" value=\"true\" \/><param name=\"allowscriptaccess\" value=\"always\" \/><param name=\"wmode\" value=\"transparent\" \/><param name=\"src\" value=\"http:\/\/www.divshare.com\/flash\/audio_embed?data=YTo2OntzOjU6ImFwaUlkIjtzOjE6IjQiO3M6NjoiZmlsZUlkIjtzOjg6IjE0MzkwOTAxIjtzOjQ6ImNvZGUiO3M6MTI6IjE0MzkwOTAxLTBlZiI7czo2OiJ1c2VySWQiO3M6NzoiMjIxMTE0MSI7czoxMjoiZXh0ZXJuYWxDYWxsIjtpOjE7czo0OiJ0aW1lIjtpOjEzMDA5NDU0NzA7fQ==&amp;autoplay=default\" \/><param name=\"allowfullscreen\" value=\"true\" \/><embed type=\"application\/x-shockwave-flash\" width=\"335\" height=\"28\" src=\"http:\/\/www.divshare.com\/flash\/audio_embed?data=YTo2OntzOjU6ImFwaUlkIjtzOjE6IjQiO3M6NjoiZmlsZUlkIjtzOjg6IjE0MzkwOTAxIjtzOjQ6ImNvZGUiO3M6MTI6IjE0MzkwOTAxLTBlZiI7czo2OiJ1c2VySWQiO3M6NzoiMjIxMTE0MSI7czoxMjoiZXh0ZXJuYWxDYWxsIjtpOjE7czo0OiJ0aW1lIjtpOjEzMDA5NDU0NzA7fQ==&amp;autoplay=default\" wmode=\"transparent\" allowscriptaccess=\"always\" allowfullscreen=\"true\"><\/embed><\/object><\/p>\n","protected":false},"excerpt":{"rendered":"<p>Como despu\u00e9s de cada jornada, LocoxelRojo te trae los relatos de los goles desde los diferentes medios. Prest\u00e1 atenci\u00f3n al particular relato en portugues del gol de Mat\u00edas Defederico. Gustavo Cima en Fox Sports Radio Del Plata Mariano Closs en Fox Sports Gustavo D\u00edaz en ESPN Radio en Rivadavia El gol de Mat\u00edas Defederico relatado [&hellip;]<\/p>\n","protected":false},"author":1,"featured_media":0,"comment_status":"open","ping_status":"open","sticky":false,"template":"","format":"standard","meta":{"_links_to":"","_links_to_target":""},"categories":[494,3,1],"tags":[153,699,350,645,571,617,425],"_links":{"self":[{"href":"https:\/\/www.locoxelrojo.com\/independiente\/wp-json\/wp\/v2\/posts\/6142"}],"collection":[{"href":"https:\/\/www.locoxelrojo.com\/independiente\/wp-json\/wp\/v2\/posts"}],"about":[{"href":"https:\/\/www.locoxelrojo.com\/independiente\/wp-json\/wp\/v2\/types\/post"}],"author":[{"embeddable":true,"href":"https:\/\/www.locoxelrojo.com\/independiente\/wp-json\/wp\/v2\/users\/1"}],"replies":[{"embeddable":true,"href":"https:\/\/www.locoxelrojo.com\/independiente\/wp-json\/wp\/v2\/comments?post=6142"}],"version-history":[{"count":0,"href":"https:\/\/www.locoxelrojo.com\/independiente\/wp-json\/wp\/v2\/posts\/6142\/revisions"}],"wp:attachment":[{"href":"https:\/\/www.locoxelrojo.com\/independiente\/wp-json\/wp\/v2\/media?parent=6142"}],"wp:term":[{"taxonomy":"category","embeddable":true,"href":"https:\/\/www.locoxelrojo.com\/independiente\/wp-json\/wp\/v2\/categories?post=6142"},{"taxonomy":"post_tag","embeddable":true,"href":"https:\/\/www.locoxelrojo.com\/independiente\/wp-json\/wp\/v2\/tags?post=6142"}],"curies":[{"name":"wp","href":"https:\/\/api.w.org\/{rel}","templated":true}]}}