{"id":61436,"date":"2015-11-27T15:30:35","date_gmt":"2015-11-27T18:30:35","guid":{"rendered":"http:\/\/www.locoxelrojo.com\/independiente\/?p=61436"},"modified":"2015-11-27T15:30:35","modified_gmt":"2015-11-27T18:30:35","slug":"mendez-a-la-final","status":"publish","type":"post","link":"https:\/\/www.locoxelrojo.com\/independiente\/2015\/11\/27\/mendez-a-la-final\/","title":{"rendered":"M\u00e9ndez a la final"},"content":{"rendered":"<p><strong>Finalmente el Tribunal de Disciplina de la Asociaci\u00f3n del F\u00fatbol Argentino sancion\u00f3 con una fecha de suspensi\u00f3n a Jes\u00fas M\u00e9ndez y Diego Milito.<\/strong><\/p>\n<p>Mucho se habl\u00f3 estos d\u00edas sobre las sanciones que iban a recibir tanto M\u00e9ndez como Milito. Hab\u00eda temor por parte de ambos clubes con perder a los futbolistas en las dos finales. <strong>Tal es as\u00ed, que desde la dirigencia de Independiente hubo un amague de apelaci\u00f3n, pero todo qued\u00f3 en la nada y dejaron que el Tribunal haga lo suyo.<\/strong><\/p>\n<p>Y a \u00faltima hora del jueves la sanci\u00f3n lleg\u00f3: hubo una fecha de suspensi\u00f3n para cada uno. De esta manera, <strong>Mauricio Pellegrino podr\u00e1 contar con M\u00e9ndez para la revancha en el Cilindro.<\/strong><\/p>\n","protected":false},"excerpt":{"rendered":"<p>Finalmente el Tribunal de Disciplina de la Asociaci\u00f3n del F\u00fatbol Argentino sancion\u00f3 con una fecha de suspensi\u00f3n a Jes\u00fas M\u00e9ndez y Diego Milito. Mucho se habl\u00f3 estos d\u00edas sobre las sanciones que iban a recibir tanto M\u00e9ndez como Milito. Hab\u00eda temor por parte de ambos clubes con perder a los futbolistas en las dos finales. [&hellip;]<\/p>\n","protected":false},"author":1,"featured_media":61437,"comment_status":"open","ping_status":"closed","sticky":false,"template":"","format":"standard","meta":{"_links_to":"","_links_to_target":""},"categories":[3,1],"tags":[153,2772,2734,3110,1994],"_links":{"self":[{"href":"https:\/\/www.locoxelrojo.com\/independiente\/wp-json\/wp\/v2\/posts\/61436"}],"collection":[{"href":"https:\/\/www.locoxelrojo.com\/independiente\/wp-json\/wp\/v2\/posts"}],"about":[{"href":"https:\/\/www.locoxelrojo.com\/independiente\/wp-json\/wp\/v2\/types\/post"}],"author":[{"embeddable":true,"href":"https:\/\/www.locoxelrojo.com\/independiente\/wp-json\/wp\/v2\/users\/1"}],"replies":[{"embeddable":true,"href":"https:\/\/www.locoxelrojo.com\/independiente\/wp-json\/wp\/v2\/comments?post=61436"}],"version-history":[{"count":0,"href":"https:\/\/www.locoxelrojo.com\/independiente\/wp-json\/wp\/v2\/posts\/61436\/revisions"}],"wp:featuredmedia":[{"embeddable":true,"href":"https:\/\/www.locoxelrojo.com\/independiente\/wp-json\/wp\/v2\/media\/61437"}],"wp:attachment":[{"href":"https:\/\/www.locoxelrojo.com\/independiente\/wp-json\/wp\/v2\/media?parent=61436"}],"wp:term":[{"taxonomy":"category","embeddable":true,"href":"https:\/\/www.locoxelrojo.com\/independiente\/wp-json\/wp\/v2\/categories?post=61436"},{"taxonomy":"post_tag","embeddable":true,"href":"https:\/\/www.locoxelrojo.com\/independiente\/wp-json\/wp\/v2\/tags?post=61436"}],"curies":[{"name":"wp","href":"https:\/\/api.w.org\/{rel}","templated":true}]}}