{"id":61442,"date":"2015-11-27T16:08:51","date_gmt":"2015-11-27T19:08:51","guid":{"rendered":"http:\/\/www.locoxelrojo.com\/independiente\/?p=61442"},"modified":"2015-11-27T16:08:51","modified_gmt":"2015-11-27T19:08:51","slug":"concentrados-vs-racing-afuera-mendez-y-mancuello-adentro-pereyra-diaz","status":"publish","type":"post","link":"https:\/\/www.locoxelrojo.com\/independiente\/2015\/11\/27\/concentrados-vs-racing-afuera-mendez-y-mancuello-adentro-pereyra-diaz\/","title":{"rendered":"Concentrados vs. Racing: Afuera M\u00e9ndez y Mancuello, adentro Pereyra D\u00edaz"},"content":{"rendered":"<p>Mauricio Pellegrino entreg\u00f3 la lista de jugadores concentrados para la primera final de la Liguilla Pre Libertadores. <strong>Federico Mancuello qued\u00f3 descartado por su lesi\u00f3n, junto a Jes\u00fas M\u00e9ndez expulsado. La sorpresa es la inclusi\u00f3n de Jorge Pereyra D\u00edaz.<\/strong><\/p>\n<p>Aunque se lo esper\u00f3 hasta \u00faltimo momento,<strong> Mancuello qued\u00f3 descartado para jugar frente a Racing<\/strong>. A la ausencia del capit\u00e1n, <strong>hay que sumarle a M\u00e9ndez, quien deber\u00e1 cumplir <a href=\"https:\/\/www.locoxelrojo.com\/independiente\/2015\/11\/27\/mendez-a-la-final\/\">una fecha de suspensi\u00f3n<\/a>. <\/strong><\/p>\n<p>Son 19 los jugadores que decidi\u00f3 guardar Pellegrino. <strong>Pereyra D\u00edaz, quien posiblemente no contin\u00fae en el club a partir de la pr\u00f3xima temporada, se meti\u00f3 en la n\u00f3mina. El volante tuvo un buen desempe\u00f1o en las \u00faltimas pr\u00e1cticas y el t\u00e9cnico opt\u00f3 por concentrarlo.<\/strong><\/p>\n<p><strong>Arqueros:<\/strong> Diego Rodr\u00edguez, Germ\u00e1n Montoya.<\/p>\n<p><strong>Defensores:<\/strong> Gustavo Toledo, Hern\u00e1n Pellerano, V\u00edctor Cuesta, Nicol\u00e1s Tagliafico, Emiliano Papa, Mauricio Victorino.<\/p>\n<p><strong>Volantes:<\/strong> Jorge Ort\u00edz, Diego Rodr\u00edguez, Mat\u00edas Pisano, Cristian Rodr\u00edguez, Juli\u00e1n Vitale, Jorge Pereyra D\u00edaz, Juan Manuel Trejo, Claudio Aquino.<\/p>\n<p><strong>Delanteros:<\/strong> Mart\u00edn Ben\u00edtez, Diego Vera y Juan Mart\u00edn Lucero.<\/p>\n","protected":false},"excerpt":{"rendered":"<p>Mauricio Pellegrino entreg\u00f3 la lista de jugadores concentrados para la primera final de la Liguilla Pre Libertadores. Federico Mancuello qued\u00f3 descartado por su lesi\u00f3n, junto a Jes\u00fas M\u00e9ndez expulsado. La sorpresa es la inclusi\u00f3n de Jorge Pereyra D\u00edaz. Aunque se lo esper\u00f3 hasta \u00faltimo momento, Mancuello qued\u00f3 descartado para jugar frente a Racing. A la [&hellip;]<\/p>\n","protected":false},"author":1,"featured_media":61443,"comment_status":"open","ping_status":"closed","sticky":false,"template":"","format":"standard","meta":{"_links_to":"","_links_to_target":""},"categories":[3,1],"tags":[153,2770,48,2734,2978,3110,1994],"_links":{"self":[{"href":"https:\/\/www.locoxelrojo.com\/independiente\/wp-json\/wp\/v2\/posts\/61442"}],"collection":[{"href":"https:\/\/www.locoxelrojo.com\/independiente\/wp-json\/wp\/v2\/posts"}],"about":[{"href":"https:\/\/www.locoxelrojo.com\/independiente\/wp-json\/wp\/v2\/types\/post"}],"author":[{"embeddable":true,"href":"https:\/\/www.locoxelrojo.com\/independiente\/wp-json\/wp\/v2\/users\/1"}],"replies":[{"embeddable":true,"href":"https:\/\/www.locoxelrojo.com\/independiente\/wp-json\/wp\/v2\/comments?post=61442"}],"version-history":[{"count":0,"href":"https:\/\/www.locoxelrojo.com\/independiente\/wp-json\/wp\/v2\/posts\/61442\/revisions"}],"wp:featuredmedia":[{"embeddable":true,"href":"https:\/\/www.locoxelrojo.com\/independiente\/wp-json\/wp\/v2\/media\/61443"}],"wp:attachment":[{"href":"https:\/\/www.locoxelrojo.com\/independiente\/wp-json\/wp\/v2\/media?parent=61442"}],"wp:term":[{"taxonomy":"category","embeddable":true,"href":"https:\/\/www.locoxelrojo.com\/independiente\/wp-json\/wp\/v2\/categories?post=61442"},{"taxonomy":"post_tag","embeddable":true,"href":"https:\/\/www.locoxelrojo.com\/independiente\/wp-json\/wp\/v2\/tags?post=61442"}],"curies":[{"name":"wp","href":"https:\/\/api.w.org\/{rel}","templated":true}]}}