{"id":6156,"date":"2011-03-24T21:00:52","date_gmt":"2011-03-25T00:00:52","guid":{"rendered":"http:\/\/www.locoxelrojo.com.ar\/independiente\/?p=6156"},"modified":"2011-03-25T16:16:01","modified_gmt":"2011-03-25T19:16:01","slug":"otra-vez-rotacion","status":"publish","type":"post","link":"https:\/\/www.locoxelrojo.com\/independiente\/2011\/03\/24\/otra-vez-rotacion\/","title":{"rendered":"Otra vez rotaci\u00f3n"},"content":{"rendered":"<p><a href=\"http:\/\/www.locoxelrojo.com.ar\/independiente\/wp-content\/uploads\/2011\/03\/entrenamiento13.jpg\"><img loading=\"lazy\" class=\"alignnone size-full wp-image-6157\" title=\"entrenamiento\" src=\"http:\/\/www.locoxelrojo.com.ar\/independiente\/wp-content\/uploads\/2011\/03\/entrenamiento13.jpg\" alt=\"\" width=\"590\" height=\"315\" srcset=\"https:\/\/locoxelrojo.com\/independiente\/wp-content\/uploads\/2011\/03\/entrenamiento13.jpg 590w, https:\/\/locoxelrojo.com\/independiente\/wp-content\/uploads\/2011\/03\/entrenamiento13-300x160.jpg 300w\" sizes=\"(max-width: 590px) 100vw, 590px\" \/><\/a><\/p>\n<p>Si bien ayer en conferencia de prensa el t\u00e9cnico declar\u00f3 que frente a Banfield el domingo incluir\u00eda a los mismos jugadores que terminaron en cancha frente a Godoy Cruz, lo cierto es que habr\u00e1 3 modificaciones obligadas. Carlos Matheu deber\u00e1 salir porque lleg\u00f3 a las 5 amarillas frente a Quilmes. Por otro lado, Mat\u00edas Defederico y Leandro Gracian deber\u00e1n dejar la cancha por sus respectivas lesiones.<\/p>\n<p>La linea del fondo estarar\u00eda compuesta por Iv\u00e1n V\u00e9lez, Leonel Galeano, Eduardo Tuzzio y Lucas Mareque, en el mediocampo estar\u00edan Nicol\u00e1s Cabrera, Hernan Fredes, Roberto Batti\u00f3n y Federico Mancuello o Patricio Rodr\u00edguez (pasar\u00eda del 4-4-2 al 4-3-3 en el caso de incluir al 10) mientras que los delanteros ser\u00edan Silvera y Parra (tambi\u00e9n es duda la inclusi\u00f3n de los dos delanteros juntos). Las inc\u00f3gnitas comenzar\u00e1n a resolverse a partir de la pr\u00e1ctica de f\u00fatbol del s\u00e1bado.<\/p>\n","protected":false},"excerpt":{"rendered":"<p>Si bien ayer en conferencia de prensa el t\u00e9cnico declar\u00f3 que frente a Banfield el domingo incluir\u00eda a los mismos jugadores que terminaron en cancha frente a Godoy Cruz, lo cierto es que habr\u00e1 3 modificaciones obligadas. Carlos Matheu deber\u00e1 salir porque lleg\u00f3 a las 5 amarillas frente a Quilmes. Por otro lado, Mat\u00edas Defederico [&hellip;]<\/p>\n","protected":false},"author":1,"featured_media":0,"comment_status":"open","ping_status":"open","sticky":false,"template":"","format":"standard","meta":{"_links_to":"","_links_to_target":""},"categories":[3,1],"tags":[677,153],"_links":{"self":[{"href":"https:\/\/www.locoxelrojo.com\/independiente\/wp-json\/wp\/v2\/posts\/6156"}],"collection":[{"href":"https:\/\/www.locoxelrojo.com\/independiente\/wp-json\/wp\/v2\/posts"}],"about":[{"href":"https:\/\/www.locoxelrojo.com\/independiente\/wp-json\/wp\/v2\/types\/post"}],"author":[{"embeddable":true,"href":"https:\/\/www.locoxelrojo.com\/independiente\/wp-json\/wp\/v2\/users\/1"}],"replies":[{"embeddable":true,"href":"https:\/\/www.locoxelrojo.com\/independiente\/wp-json\/wp\/v2\/comments?post=6156"}],"version-history":[{"count":0,"href":"https:\/\/www.locoxelrojo.com\/independiente\/wp-json\/wp\/v2\/posts\/6156\/revisions"}],"wp:attachment":[{"href":"https:\/\/www.locoxelrojo.com\/independiente\/wp-json\/wp\/v2\/media?parent=6156"}],"wp:term":[{"taxonomy":"category","embeddable":true,"href":"https:\/\/www.locoxelrojo.com\/independiente\/wp-json\/wp\/v2\/categories?post=6156"},{"taxonomy":"post_tag","embeddable":true,"href":"https:\/\/www.locoxelrojo.com\/independiente\/wp-json\/wp\/v2\/tags?post=6156"}],"curies":[{"name":"wp","href":"https:\/\/api.w.org\/{rel}","templated":true}]}}