{"id":61579,"date":"2015-12-03T14:00:43","date_gmt":"2015-12-03T17:00:43","guid":{"rendered":"http:\/\/www.locoxelrojo.com\/independiente\/?p=61579"},"modified":"2015-12-03T17:15:50","modified_gmt":"2015-12-03T20:15:50","slug":"con-mancuello-a-la-par-2","status":"publish","type":"post","link":"https:\/\/www.locoxelrojo.com\/independiente\/2015\/12\/03\/con-mancuello-a-la-par-2\/","title":{"rendered":"Con Mancuello a la par"},"content":{"rendered":"<p>El plantel de Independiente sigue ajustando detalles de cara a la revancha ante Racing. Este jueves por la ma\u00f1ana, la buena noticia fue que <strong>Federico Mancuello pudo entrenarse a la par de sus compa\u00f1eros<\/strong>.<\/p>\n<p>Faltan s\u00f3lo tres d\u00edas para la segunda final de la Liguilla Pre-Libertadores y Mauricio Pellegrino sigue de cerca la evoluci\u00f3n de los lesionados. En la pr\u00e1ctica de este jueves, <strong>el DT pudo contar con Mancuello, quien est\u00e1 casi recuperado de su esguince de tobillo<\/strong>, mientras que <strong>Cristian Rodr\u00edguez volvi\u00f3 a moverse al margen y est\u00e1 con un pie afuera del cl\u00e1sico<\/strong>.<\/p>\n<p>El entrenador organiz\u00f3 un ensayo t\u00e1ctico con dos equipos. De un lado estuvieron <strong>Diego Rodr\u00edguez; Gustavo Toledo, Hern\u00e1n Pellerano, V\u00edctor Cuesta, Nicol\u00e1s Tagliafico; Mart\u00edn Ben\u00edtez, Jorge Ort\u00edz, Jes\u00fas Mendez, Juan Manuel Trejo; Juan Mart\u00edn Lucero y Diego Vera<\/strong>.<\/p>\n<p>Por su parte, el otro equipo tuvo al capit\u00e1n y form\u00f3 con <strong>Germ\u00e1n Montoya; Nicol\u00e1s Figal, Mauricio Victorino, Emanuel Aguilera, Emiliano Papa; Mat\u00edas Pisano, Diego Rodr\u00edguez, Juli\u00e1n Vitale, Mancuello; Claudio Aquino y Jorge Pereyra D\u00edaz<\/strong>.<\/p>\n<p>Curiosamente,\u00a0<strong>Gast\u00f3n Del Castillo regres\u00f3 a los trabajos con la Reserva, despu\u00e9s de haber sido convocado por Pellegrino para el ensayo t\u00e1ctico del mi\u00e9rcoles<\/strong>. Este viernes habr\u00e1 pr\u00e1ctica formal de f\u00fatbol y habr\u00e1 m\u00e1s pistas del equipo que visitar\u00e1 a la Academia.<\/p>\n","protected":false},"excerpt":{"rendered":"<p>El plantel de Independiente sigue ajustando detalles de cara a la revancha ante Racing. Este jueves por la ma\u00f1ana, la buena noticia fue que Federico Mancuello pudo entrenarse a la par de sus compa\u00f1eros. Faltan s\u00f3lo tres d\u00edas para la segunda final de la Liguilla Pre-Libertadores y Mauricio Pellegrino sigue de cerca la evoluci\u00f3n de [&hellip;]<\/p>\n","protected":false},"author":8,"featured_media":59930,"comment_status":"open","ping_status":"closed","sticky":false,"template":"","format":"standard","meta":{"_links_to":"","_links_to_target":""},"categories":[3,1],"tags":[2979,26,48,172],"_links":{"self":[{"href":"https:\/\/www.locoxelrojo.com\/independiente\/wp-json\/wp\/v2\/posts\/61579"}],"collection":[{"href":"https:\/\/www.locoxelrojo.com\/independiente\/wp-json\/wp\/v2\/posts"}],"about":[{"href":"https:\/\/www.locoxelrojo.com\/independiente\/wp-json\/wp\/v2\/types\/post"}],"author":[{"embeddable":true,"href":"https:\/\/www.locoxelrojo.com\/independiente\/wp-json\/wp\/v2\/users\/8"}],"replies":[{"embeddable":true,"href":"https:\/\/www.locoxelrojo.com\/independiente\/wp-json\/wp\/v2\/comments?post=61579"}],"version-history":[{"count":0,"href":"https:\/\/www.locoxelrojo.com\/independiente\/wp-json\/wp\/v2\/posts\/61579\/revisions"}],"wp:featuredmedia":[{"embeddable":true,"href":"https:\/\/www.locoxelrojo.com\/independiente\/wp-json\/wp\/v2\/media\/59930"}],"wp:attachment":[{"href":"https:\/\/www.locoxelrojo.com\/independiente\/wp-json\/wp\/v2\/media?parent=61579"}],"wp:term":[{"taxonomy":"category","embeddable":true,"href":"https:\/\/www.locoxelrojo.com\/independiente\/wp-json\/wp\/v2\/categories?post=61579"},{"taxonomy":"post_tag","embeddable":true,"href":"https:\/\/www.locoxelrojo.com\/independiente\/wp-json\/wp\/v2\/tags?post=61579"}],"curies":[{"name":"wp","href":"https:\/\/api.w.org\/{rel}","templated":true}]}}