{"id":61581,"date":"2015-12-04T13:30:03","date_gmt":"2015-12-04T16:30:03","guid":{"rendered":"http:\/\/www.locoxelrojo.com\/independiente\/?p=61581"},"modified":"2015-12-04T15:13:19","modified_gmt":"2015-12-04T18:13:19","slug":"terminaron-antes","status":"publish","type":"post","link":"https:\/\/www.locoxelrojo.com\/independiente\/2015\/12\/04\/terminaron-antes\/","title":{"rendered":"Terminaron antes"},"content":{"rendered":"<p>Una ma\u00f1ana rara en Villa Dom\u00ednico. El plantel de Independiente se entren\u00f3 este viernes por la ma\u00f1ana para ajustar detalles de cara a la revancha ante Racing, pero <strong>Mauricio Pellegrino termin\u00f3 la pr\u00e1ctica antes de tiempo. \u00bfSe enoj\u00f3 con los jugadores?<\/strong><\/p>\n<p>A dos d\u00edas de jugar la segunda final de la Liguilla Pre-Libertadores, donde el Rojo debe remontar un 0-2, el DT sorprendi\u00f3 en el entrenamiento del viernes pero no por una variante t\u00e1ctica. <strong>Cerca de las 11, decidi\u00f3 finalizar la pr\u00e1ctica y mandar al plantel a las duchas antes de lo previsto<\/strong>. Y como si fuera poco, <a title=\"Pellegrino cancel\u00f3 la conferencia\" href=\"https:\/\/www.locoxelrojo.com\/independiente\/2015\/12\/04\/pellegrino-cancelo-la-conferencia\/\" target=\"_blank\">tambi\u00e9n cancel\u00f3 su di\u00e1logo con los periodistas<\/a>.<\/p>\n<p>Seg\u00fan trascendi\u00f3, <strong>hubo un supuesto enojo de Pellegrino por el nivel que mostraron sus dirigidos durante el entrenamiento<\/strong>, pero no hay nada confirmado oficialmente. Su explicaci\u00f3n se conocer\u00e1 este domingo despu\u00e9s de enfrentar a Racing.<\/p>\n<p>En el corto tiempo que dur\u00f3 el ensayo, el entrenador repiti\u00f3 el equipo que hab\u00eda parado el jueves. Los once que eligi\u00f3 fueron <strong>Diego Rodr\u00edguez; Gustavo Toledo, Hern\u00e1n Pellerano, V\u00edctor Cuesta, Nicol\u00e1s Tagliafico; Mart\u00edn Ben\u00edtez, Jes\u00fas M\u00e9ndez, Jorge Ort\u00edz, Juan Manuel Trejo; Juan Mart\u00edn Lucero y Diego Vera<\/strong>.<\/p>\n<p>En cuanto a los lesionados, <strong>Federico Mancuello<\/strong> es el que mejor evoluciona y podr\u00eda estar el domingo, al menos en el banco. El capit\u00e1n <strong>volvi\u00f3 a moverse a la par del grupo y jug\u00f3 para los suplentes<\/strong>. Por su parte, <strong>Cristian Rodr\u00edguez trabaj\u00f3 diferenciando y se sumar\u00eda a los ensayos de f\u00fatbol reci\u00e9n este s\u00e1bado<\/strong>, por lo que su presencia en el cl\u00e1sico es una inc\u00f3gnita.<\/p>\n","protected":false},"excerpt":{"rendered":"<p>Una ma\u00f1ana rara en Villa Dom\u00ednico. El plantel de Independiente se entren\u00f3 este viernes por la ma\u00f1ana para ajustar detalles de cara a la revancha ante Racing, pero Mauricio Pellegrino termin\u00f3 la pr\u00e1ctica antes de tiempo. \u00bfSe enoj\u00f3 con los jugadores? A dos d\u00edas de jugar la segunda final de la Liguilla Pre-Libertadores, donde el [&hellip;]<\/p>\n","protected":false},"author":8,"featured_media":61582,"comment_status":"open","ping_status":"closed","sticky":false,"template":"","format":"standard","meta":{"_links_to":"","_links_to_target":""},"categories":[3,1],"tags":[26,2166,172],"_links":{"self":[{"href":"https:\/\/www.locoxelrojo.com\/independiente\/wp-json\/wp\/v2\/posts\/61581"}],"collection":[{"href":"https:\/\/www.locoxelrojo.com\/independiente\/wp-json\/wp\/v2\/posts"}],"about":[{"href":"https:\/\/www.locoxelrojo.com\/independiente\/wp-json\/wp\/v2\/types\/post"}],"author":[{"embeddable":true,"href":"https:\/\/www.locoxelrojo.com\/independiente\/wp-json\/wp\/v2\/users\/8"}],"replies":[{"embeddable":true,"href":"https:\/\/www.locoxelrojo.com\/independiente\/wp-json\/wp\/v2\/comments?post=61581"}],"version-history":[{"count":0,"href":"https:\/\/www.locoxelrojo.com\/independiente\/wp-json\/wp\/v2\/posts\/61581\/revisions"}],"wp:featuredmedia":[{"embeddable":true,"href":"https:\/\/www.locoxelrojo.com\/independiente\/wp-json\/wp\/v2\/media\/61582"}],"wp:attachment":[{"href":"https:\/\/www.locoxelrojo.com\/independiente\/wp-json\/wp\/v2\/media?parent=61581"}],"wp:term":[{"taxonomy":"category","embeddable":true,"href":"https:\/\/www.locoxelrojo.com\/independiente\/wp-json\/wp\/v2\/categories?post=61581"},{"taxonomy":"post_tag","embeddable":true,"href":"https:\/\/www.locoxelrojo.com\/independiente\/wp-json\/wp\/v2\/tags?post=61581"}],"curies":[{"name":"wp","href":"https:\/\/api.w.org\/{rel}","templated":true}]}}