{"id":6159,"date":"2011-03-24T21:23:34","date_gmt":"2011-03-25T00:23:34","guid":{"rendered":"http:\/\/www.locoxelrojo.com.ar\/independiente\/?p=6159"},"modified":"2011-03-24T21:23:53","modified_gmt":"2011-03-25T00:23:53","slug":"insua-me-gustaria-volver-a-independiente","status":"publish","type":"post","link":"https:\/\/www.locoxelrojo.com\/independiente\/2011\/03\/24\/insua-me-gustaria-volver-a-independiente\/","title":{"rendered":"Ins\u00faa: &#8220;Me gustar\u00eda volver a Independiente&#8221;"},"content":{"rendered":"<p><a href=\"http:\/\/www.locoxelrojo.com.ar\/independiente\/wp-content\/uploads\/2011\/03\/Federico_Insua.jpg\"><img loading=\"lazy\" class=\"alignnone size-full wp-image-6160\" title=\"Federico_Insua\" src=\"http:\/\/www.locoxelrojo.com.ar\/independiente\/wp-content\/uploads\/2011\/03\/Federico_Insua.jpg\" alt=\"\" width=\"590\" height=\"315\" srcset=\"https:\/\/locoxelrojo.com\/independiente\/wp-content\/uploads\/2011\/03\/Federico_Insua.jpg 590w, https:\/\/locoxelrojo.com\/independiente\/wp-content\/uploads\/2011\/03\/Federico_Insua-300x160.jpg 300w\" sizes=\"(max-width: 590px) 100vw, 590px\" \/><\/a><\/p>\n<p>\u00a1Chan! El volante dialog\u00f3 con <strong>Fox Sports Radio Del Plata<\/strong> y manifest\u00f3 su deseo de volver a Avellaneda. En los foros de Internet la gente est\u00e1 que trina. <strong>&#8220;Por lo que viv\u00ed, me gustar\u00eda volver a Independiente&#8221;,<\/strong> manifest\u00f3 el jugador. Sin embargo, dej\u00f3 en claro que con el presidente no tiene relaci\u00f3n.<\/p>\n<p>El ex Boca se encarg\u00f3 de aclarar porque en su \u00faltimo regreso al pa\u00eds no eligi\u00f3 a Independiente. \u201c<strong>No se dio. Estaba en M\u00e9xico y me llamo (Alfio)  Basile y volv\u00ed a Boca&#8221;<\/strong>, aclar\u00f3. Para cerrar, confes\u00f3 que es hincha del xeneize pero que le gustar\u00eda volver al rojo <strong>&#8220;por todo lo que le dio su gente.&#8221;<\/strong><\/p>\n<p>En la actualidad, Federico Ins\u00faa milita en el Bursaspor de Turqu\u00eda, cumpli\u00f3 30 a\u00f1os en enero y comparte plantel con Pablo Batalla y Damian Steinert. En los foros de Internet la gente se pregunta si quiere volver porque Boca no desea disponer de sus servicios. Mientras algunos insultan por su supuesta promesa de quedarse a jugar en Independiente y luego irse a Boca, otros prefieren recordar que a Ins\u00faa se le deb\u00eda un a\u00f1o y medio de sueldo que a\u00fan hoy est\u00e1 sin saldar.<\/p>\n","protected":false},"excerpt":{"rendered":"<p>\u00a1Chan! El volante dialog\u00f3 con Fox Sports Radio Del Plata y manifest\u00f3 su deseo de volver a Avellaneda. En los foros de Internet la gente est\u00e1 que trina. &#8220;Por lo que viv\u00ed, me gustar\u00eda volver a Independiente&#8221;, manifest\u00f3 el jugador. Sin embargo, dej\u00f3 en claro que con el presidente no tiene relaci\u00f3n. El ex Boca [&hellip;]<\/p>\n","protected":false},"author":1,"featured_media":0,"comment_status":"open","ping_status":"open","sticky":false,"template":"","format":"standard","meta":{"_links_to":"","_links_to_target":""},"categories":[1],"tags":[193,560,153,701,645,33],"_links":{"self":[{"href":"https:\/\/www.locoxelrojo.com\/independiente\/wp-json\/wp\/v2\/posts\/6159"}],"collection":[{"href":"https:\/\/www.locoxelrojo.com\/independiente\/wp-json\/wp\/v2\/posts"}],"about":[{"href":"https:\/\/www.locoxelrojo.com\/independiente\/wp-json\/wp\/v2\/types\/post"}],"author":[{"embeddable":true,"href":"https:\/\/www.locoxelrojo.com\/independiente\/wp-json\/wp\/v2\/users\/1"}],"replies":[{"embeddable":true,"href":"https:\/\/www.locoxelrojo.com\/independiente\/wp-json\/wp\/v2\/comments?post=6159"}],"version-history":[{"count":0,"href":"https:\/\/www.locoxelrojo.com\/independiente\/wp-json\/wp\/v2\/posts\/6159\/revisions"}],"wp:attachment":[{"href":"https:\/\/www.locoxelrojo.com\/independiente\/wp-json\/wp\/v2\/media?parent=6159"}],"wp:term":[{"taxonomy":"category","embeddable":true,"href":"https:\/\/www.locoxelrojo.com\/independiente\/wp-json\/wp\/v2\/categories?post=6159"},{"taxonomy":"post_tag","embeddable":true,"href":"https:\/\/www.locoxelrojo.com\/independiente\/wp-json\/wp\/v2\/tags?post=6159"}],"curies":[{"name":"wp","href":"https:\/\/api.w.org\/{rel}","templated":true}]}}