{"id":6166,"date":"2011-03-25T16:12:16","date_gmt":"2011-03-25T19:12:16","guid":{"rendered":"http:\/\/www.locoxelrojo.com.ar\/independiente\/?p=6166"},"modified":"2011-03-25T16:12:16","modified_gmt":"2011-03-25T19:12:16","slug":"vuelta-al-trabajo-2","status":"publish","type":"post","link":"https:\/\/www.locoxelrojo.com\/independiente\/2011\/03\/25\/vuelta-al-trabajo-2\/","title":{"rendered":"Vuelta al trabajo"},"content":{"rendered":"<p><a href=\"http:\/\/www.locoxelrojo.com.ar\/independiente\/wp-content\/uploads\/2011\/03\/Independiente_entrenamiento.jpg\"><img loading=\"lazy\" class=\"alignnone size-full wp-image-6167\" title=\"Independiente_entrenamiento\" src=\"http:\/\/www.locoxelrojo.com.ar\/independiente\/wp-content\/uploads\/2011\/03\/Independiente_entrenamiento.jpg\" alt=\"\" width=\"590\" height=\"315\" srcset=\"https:\/\/locoxelrojo.com\/independiente\/wp-content\/uploads\/2011\/03\/Independiente_entrenamiento.jpg 590w, https:\/\/locoxelrojo.com\/independiente\/wp-content\/uploads\/2011\/03\/Independiente_entrenamiento-300x160.jpg 300w\" sizes=\"(max-width: 590px) 100vw, 590px\" \/><\/a><\/p>\n<p>El Rojo se entren\u00f3 en Villa Dom\u00ednico luego de tener el d\u00eda posterior al partido con Godoy Cruz libre. Los titulares hicieron regenerativo mientras que los suplentes trabajaron con la pelota en espacios reducidos. El doctor Luis Chiarad\u00eda confirm\u00f3 el grado de las lesiones. Finalmente, Mat\u00edas Defederico tiene un desgarro en el isquiotibial izquierdo. Gracian, por su parte, tambi\u00e9n estar\u00e1 ausente frente a Banfield por una contractura en el aductor izquierdo.<\/p>\n<p>Los estudios m\u00e9dicos se realizar\u00e1n reci\u00e9n ma\u00f1ana por la tarde, luego de la pr\u00e1ctica matutina que ser\u00e1 a puertas cerradas y est\u00e1 pautada para las 10 de la ma\u00f1ana. Luego de esta, el plantel quedar\u00e1 concentrado en el Hotel Intercontinental. Juli\u00e1n Vel\u00e1zquez, Ignacio Barcia y Jairo Castillo entrenaron diferenciado bajo las ordenes del kinesi\u00f3logo Gabriel De Brasi. Solo el defensor estar\u00e1 entre los afectados por Mohamed para el encuentro frente a Banfield el domingo a las 16 -ocupar\u00e1 el lugar de Carlos Matheu quien lleg\u00f3 a las 5 amonestaciones en el partido frente a Quilmes-.<\/p>\n","protected":false},"excerpt":{"rendered":"<p>El Rojo se entren\u00f3 en Villa Dom\u00ednico luego de tener el d\u00eda posterior al partido con Godoy Cruz libre. Los titulares hicieron regenerativo mientras que los suplentes trabajaron con la pelota en espacios reducidos. El doctor Luis Chiarad\u00eda confirm\u00f3 el grado de las lesiones. Finalmente, Mat\u00edas Defederico tiene un desgarro en el isquiotibial izquierdo. Gracian, [&hellip;]<\/p>\n","protected":false},"author":1,"featured_media":0,"comment_status":"open","ping_status":"open","sticky":false,"template":"","format":"standard","meta":{"_links_to":"","_links_to_target":""},"categories":[3,1],"tags":[677,27,153,122,32],"_links":{"self":[{"href":"https:\/\/www.locoxelrojo.com\/independiente\/wp-json\/wp\/v2\/posts\/6166"}],"collection":[{"href":"https:\/\/www.locoxelrojo.com\/independiente\/wp-json\/wp\/v2\/posts"}],"about":[{"href":"https:\/\/www.locoxelrojo.com\/independiente\/wp-json\/wp\/v2\/types\/post"}],"author":[{"embeddable":true,"href":"https:\/\/www.locoxelrojo.com\/independiente\/wp-json\/wp\/v2\/users\/1"}],"replies":[{"embeddable":true,"href":"https:\/\/www.locoxelrojo.com\/independiente\/wp-json\/wp\/v2\/comments?post=6166"}],"version-history":[{"count":0,"href":"https:\/\/www.locoxelrojo.com\/independiente\/wp-json\/wp\/v2\/posts\/6166\/revisions"}],"wp:attachment":[{"href":"https:\/\/www.locoxelrojo.com\/independiente\/wp-json\/wp\/v2\/media?parent=6166"}],"wp:term":[{"taxonomy":"category","embeddable":true,"href":"https:\/\/www.locoxelrojo.com\/independiente\/wp-json\/wp\/v2\/categories?post=6166"},{"taxonomy":"post_tag","embeddable":true,"href":"https:\/\/www.locoxelrojo.com\/independiente\/wp-json\/wp\/v2\/tags?post=6166"}],"curies":[{"name":"wp","href":"https:\/\/api.w.org\/{rel}","templated":true}]}}