{"id":6172,"date":"2011-03-25T16:33:29","date_gmt":"2011-03-25T19:33:29","guid":{"rendered":"http:\/\/www.locoxelrojo.com.ar\/independiente\/?p=6172"},"modified":"2015-09-09T23:02:53","modified_gmt":"2015-09-10T02:02:53","slug":"concentrados-4","status":"publish","type":"post","link":"https:\/\/www.locoxelrojo.com\/independiente\/2011\/03\/25\/concentrados-4\/","title":{"rendered":"Concentrados vs. Banfield"},"content":{"rendered":"<p><a href=\"http:\/\/www.locoxelrojo.com.ar\/independiente\/wp-content\/uploads\/2011\/03\/Lucas_Villafa\u00f1ez.jpg\"><img loading=\"lazy\" class=\"alignnone size-full wp-image-6173\" title=\"Lucas_Villafa\u00f1ez\" src=\"http:\/\/www.locoxelrojo.com.ar\/independiente\/wp-content\/uploads\/2011\/03\/Lucas_Villafa\u00f1ez.jpg\" alt=\"\" width=\"590\" height=\"315\" srcset=\"https:\/\/locoxelrojo.com\/independiente\/wp-content\/uploads\/2011\/03\/Lucas_Villafa\u00f1ez.jpg 590w, https:\/\/locoxelrojo.com\/independiente\/wp-content\/uploads\/2011\/03\/Lucas_Villafa\u00f1ez-300x160.jpg 300w\" sizes=\"(max-width: 590px) 100vw, 590px\" \/><\/a><\/p>\n<p>Independiente se entrenar\u00e1 ma\u00f1ana por la ma\u00f1ana en Villa Dom\u00ednico a puertas cerradas y habr\u00e1 pr\u00e1ctica de f\u00fatbol, la primera luego del empate frente a Godoy Cruz. Mohamed ya dio la lista de concentrados a pesar de que el plantel lo har\u00e1 ma\u00f1ana al mediod\u00eda luego de la pr\u00e1ctica.<\/p>\n<p>Las sorpresas son los ingresos de Samuel C\u00e1ceres e Ignacio Barcia -Matheu lleg\u00f3 a las 5 amarillas y la avispa sigue en recuperaci\u00f3n-, Iv\u00e1n P\u00e9rez y Lucas Villafa\u00f1ez quien ocupar\u00e1 el lugar de Leandro Graci\u00e1n.<\/p>\n<p><strong><em>La lista est\u00e1 compuesta por:<\/em><\/strong><\/p>\n<p><strong>Arqueros:<\/strong> Hilario Navarro, Fabi\u00e1n Assman.<\/p>\n<p><strong>Defensores:<\/strong> Eduardo Tuzzio, Lucas Mareque, Leonel Galeano, Maximiliano Velazquez, Iv\u00e1n Velez y Samuel C\u00e1ceres.<\/p>\n<p><strong>Volantes: <\/strong>Hernan Fredes, Cristian Pellerano, Walter Busse, Lucas Villafa\u00f1ez, Fernando Godoy, Nicol\u00e1s Cabrera, Roberto Battion e Iv\u00e1n P\u00e9rez.<\/p>\n<p><strong>Delanteros<\/strong>: Leonel Nu\u00f1ez, Patricio Rodr\u00edguez, Facundo Parra y Andr\u00e9s Silvera.<\/p>\n","protected":false},"excerpt":{"rendered":"<p>Independiente se entrenar\u00e1 ma\u00f1ana por la ma\u00f1ana en Villa Dom\u00ednico a puertas cerradas y habr\u00e1 pr\u00e1ctica de f\u00fatbol, la primera luego del empate frente a Godoy Cruz. Mohamed ya dio la lista de concentrados a pesar de que el plantel lo har\u00e1 ma\u00f1ana al mediod\u00eda luego de la pr\u00e1ctica. Las sorpresas son los ingresos de [&hellip;]<\/p>\n","protected":false},"author":1,"featured_media":0,"comment_status":"open","ping_status":"open","sticky":false,"template":"","format":"standard","meta":{"_links_to":"","_links_to_target":""},"categories":[3,1],"tags":[395,153,2606],"_links":{"self":[{"href":"https:\/\/www.locoxelrojo.com\/independiente\/wp-json\/wp\/v2\/posts\/6172"}],"collection":[{"href":"https:\/\/www.locoxelrojo.com\/independiente\/wp-json\/wp\/v2\/posts"}],"about":[{"href":"https:\/\/www.locoxelrojo.com\/independiente\/wp-json\/wp\/v2\/types\/post"}],"author":[{"embeddable":true,"href":"https:\/\/www.locoxelrojo.com\/independiente\/wp-json\/wp\/v2\/users\/1"}],"replies":[{"embeddable":true,"href":"https:\/\/www.locoxelrojo.com\/independiente\/wp-json\/wp\/v2\/comments?post=6172"}],"version-history":[{"count":0,"href":"https:\/\/www.locoxelrojo.com\/independiente\/wp-json\/wp\/v2\/posts\/6172\/revisions"}],"wp:attachment":[{"href":"https:\/\/www.locoxelrojo.com\/independiente\/wp-json\/wp\/v2\/media?parent=6172"}],"wp:term":[{"taxonomy":"category","embeddable":true,"href":"https:\/\/www.locoxelrojo.com\/independiente\/wp-json\/wp\/v2\/categories?post=6172"},{"taxonomy":"post_tag","embeddable":true,"href":"https:\/\/www.locoxelrojo.com\/independiente\/wp-json\/wp\/v2\/tags?post=6172"}],"curies":[{"name":"wp","href":"https:\/\/api.w.org\/{rel}","templated":true}]}}