{"id":61785,"date":"2015-12-14T23:37:58","date_gmt":"2015-12-15T02:37:58","guid":{"rendered":"http:\/\/www.locoxelrojo.com\/independiente\/?p=61785"},"modified":"2015-12-15T20:07:38","modified_gmt":"2015-12-15T23:07:38","slug":"montenegro-el-conflicto-mas-grande-lo-tuve-con-almiron-pero-me-parece-un-tecnico-muy-capaz","status":"publish","type":"post","link":"https:\/\/www.locoxelrojo.com\/independiente\/2015\/12\/14\/montenegro-el-conflicto-mas-grande-lo-tuve-con-almiron-pero-me-parece-un-tecnico-muy-capaz\/","title":{"rendered":"Montenegro: &#8220;El conflicto m\u00e1s grande lo tuve con Almir\u00f3n, pero me parece un t\u00e9cnico muy capaz&#8221;"},"content":{"rendered":"<p>En una extensa entrevista con El Gr\u00e1fico, <strong>Daniel Montenegro dio detalles sobre su conflictiva salida de Independiente<\/strong>. El Rolfi a\u00fan le guarda rencor a Jorge Almir\u00f3n y tambi\u00e9n a la actual Comisi\u00f3n Directiva, encabezada por Hugo Moyano, por las formas que desencadenaron su rescisi\u00f3n de contrato.<\/p>\n<p><strong>&#8220;El conflicto m\u00e1s grande lo tuve con Almir\u00f3n, pero me parece un t\u00e9cnico muy capaz, ojo, lo que no me gust\u00f3 fue el manejo. Yo tuve much\u00edsimas charlas con \u00e9l, mano a mano. Era una relaci\u00f3n normal, habl\u00e1bamos mucho de f\u00fatbol, de la vida, pero no compart\u00ed para nada lo que hizo al final, de avisarme el \u00faltimo d\u00eda que no me iba a tener en cuenta, cuando podr\u00eda haberlo hecho en las vacaciones para que me buscara un club&#8221;<\/strong>, describi\u00f3 en la cl\u00e1sica secci\u00f3n 100&#215;100. <strong>&#8220;Estaba volviendo de Mar del Plata con la familia en el auto y tuve que bajarme en Puerto Madero para hablar con \u00e9l. Y esto fue un d\u00eda antes de que me presentara para iniciar la pretemporada. \u00c9l me dec\u00eda que no fuera y yo le dije que iba a ir porque ten\u00eda un contrato&#8221;<\/strong>, agreg\u00f3.<\/p>\n<p>Al ser consultado por las razones que le expuso Almir\u00f3n, declar\u00f3: <strong>&#8220;Supuestamente, porque no entraba en su esquema, pero el problema es que hab\u00eda tenido mucho tiempo para dec\u00edrmelo y que yo me pudiera buscar club. Hubi\u00e9semos terminado mejor. Porque si te enter\u00e1s por los periodistas que no vas a estar m\u00e1s en un club, no est\u00e1 bueno&#8221;<\/strong>. Luego, cont\u00f3 el motivo por el cual nunca habl\u00f3 este tema con Moyano: <strong>&#8220;Es que si le vas a preguntar y te dice que es la decisi\u00f3n del t\u00e9cnico, no hay m\u00e1s que preguntar&#8221;<\/strong>.<\/p>\n<p><strong>&#8220;Ya sab\u00eda que no hab\u00eda marcha atr\u00e1s, y si yo me quedaba, iba a ser un obst\u00e1culo para todos. Fijate que en la presentaci\u00f3n de los refuerzos coreaban mi nombre, y ya no estaba bueno eso, me sent\u00eda mal, porque empezaba un ciclo. Yo se lo dije a Almir\u00f3n: &#8216;Si vos me das la posibilidad de entrenar o de estar ah\u00ed, yo no te voy a molestar&#8217;. S\u00f3lo quer\u00eda que me diera la m\u00ednima chance de jugar si notaba que estaba mejor que un compa\u00f1ero&#8221;<\/strong>, a\u00f1adi\u00f3.<\/p>\n<p><strong>&#8220;Me dej\u00f3 ir a la pretemporada, estuve una semana con ellos y ten\u00eda alguna esperanza. A diferencia de lo que ocurri\u00f3 con ocho compa\u00f1eros m\u00edos, me dejaron pasar al hotel, me dieron un cuarto, la ropa y estuve una semana entrenando, entonces eso me daba una ilusi\u00f3n. Porque tambi\u00e9n me podr\u00edan haber dicho que no entraba, como les pas\u00f3 a los otros chicos. Pero cuando vi que el tiempo pasaba y estaba todo peor y les estaba haciendo mal a mis compa\u00f1eros, dije: &#8216;Ya est\u00e1, no tiene sentido&#8217;. Ah\u00ed rescind\u00ed y me fui&#8221;<\/strong>, finaliz\u00f3 el relato.<\/p>\n<p><strong>&#8220;Me sent\u00ed mal, creo que no merec\u00eda ese trato. Los pibes se portaron 10 puntos; el otro d\u00eda, que jugamos contra Independiente, me vinieron a saludar todos. Y Ber\u00f3n tambi\u00e9n se port\u00f3 muy bien conmigo, eso es valorable&#8221;<\/strong>, aclar\u00f3. Para cerrar, le preguntaron si lo levantar\u00eda a Almir\u00f3n si lo ve\u00eda haciendo dedo en el desierto y, entre risas, respondi\u00f3: <strong>&#8220;Si lo veo\u2026 por ah\u00ed no lo veo&#8221;<\/strong>.<\/p>\n","protected":false},"excerpt":{"rendered":"<p>En una extensa entrevista con El Gr\u00e1fico, Daniel Montenegro dio detalles sobre su conflictiva salida de Independiente. El Rolfi a\u00fan le guarda rencor a Jorge Almir\u00f3n y tambi\u00e9n a la actual Comisi\u00f3n Directiva, encabezada por Hugo Moyano, por las formas que desencadenaron su rescisi\u00f3n de contrato. &#8220;El conflicto m\u00e1s grande lo tuve con Almir\u00f3n, pero [&hellip;]<\/p>\n","protected":false},"author":1,"featured_media":61786,"comment_status":"open","ping_status":"closed","sticky":false,"template":"","format":"standard","meta":{"_links_to":"","_links_to_target":""},"categories":[3,1],"tags":[1859,2724],"_links":{"self":[{"href":"https:\/\/www.locoxelrojo.com\/independiente\/wp-json\/wp\/v2\/posts\/61785"}],"collection":[{"href":"https:\/\/www.locoxelrojo.com\/independiente\/wp-json\/wp\/v2\/posts"}],"about":[{"href":"https:\/\/www.locoxelrojo.com\/independiente\/wp-json\/wp\/v2\/types\/post"}],"author":[{"embeddable":true,"href":"https:\/\/www.locoxelrojo.com\/independiente\/wp-json\/wp\/v2\/users\/1"}],"replies":[{"embeddable":true,"href":"https:\/\/www.locoxelrojo.com\/independiente\/wp-json\/wp\/v2\/comments?post=61785"}],"version-history":[{"count":0,"href":"https:\/\/www.locoxelrojo.com\/independiente\/wp-json\/wp\/v2\/posts\/61785\/revisions"}],"wp:featuredmedia":[{"embeddable":true,"href":"https:\/\/www.locoxelrojo.com\/independiente\/wp-json\/wp\/v2\/media\/61786"}],"wp:attachment":[{"href":"https:\/\/www.locoxelrojo.com\/independiente\/wp-json\/wp\/v2\/media?parent=61785"}],"wp:term":[{"taxonomy":"category","embeddable":true,"href":"https:\/\/www.locoxelrojo.com\/independiente\/wp-json\/wp\/v2\/categories?post=61785"},{"taxonomy":"post_tag","embeddable":true,"href":"https:\/\/www.locoxelrojo.com\/independiente\/wp-json\/wp\/v2\/tags?post=61785"}],"curies":[{"name":"wp","href":"https:\/\/api.w.org\/{rel}","templated":true}]}}