{"id":6183,"date":"2011-03-25T19:42:15","date_gmt":"2011-03-25T22:42:15","guid":{"rendered":"http:\/\/www.locoxelrojo.com.ar\/independiente\/?p=6183"},"modified":"2011-03-25T19:42:15","modified_gmt":"2011-03-25T22:42:15","slug":"bochini-mohamed-no-respeta-el-estilo-de-futbol-de-independiente","status":"publish","type":"post","link":"https:\/\/www.locoxelrojo.com\/independiente\/2011\/03\/25\/bochini-mohamed-no-respeta-el-estilo-de-futbol-de-independiente\/","title":{"rendered":"Bochini: &#8220;Mohamed no respeta el estilo de f\u00fatbol de Independiente&#8221;"},"content":{"rendered":"<p><a href=\"http:\/\/www.locoxelrojo.com.ar\/independiente\/wp-content\/uploads\/2011\/03\/Ricardo_Bochini1.jpg\"><img loading=\"lazy\" class=\"alignnone size-full wp-image-6184\" title=\"Ricardo_Bochini\" src=\"http:\/\/www.locoxelrojo.com.ar\/independiente\/wp-content\/uploads\/2011\/03\/Ricardo_Bochini1.jpg\" alt=\"\" width=\"590\" height=\"315\" srcset=\"https:\/\/locoxelrojo.com\/independiente\/wp-content\/uploads\/2011\/03\/Ricardo_Bochini1.jpg 590w, https:\/\/locoxelrojo.com\/independiente\/wp-content\/uploads\/2011\/03\/Ricardo_Bochini1-300x160.jpg 300w\" sizes=\"(max-width: 590px) 100vw, 590px\" \/><\/a><\/p>\n<p>El Bocha habl\u00f3 en <strong>Radio Belgrano<\/strong> y critic\u00f3 la situaci\u00f3n futbol\u00edstica de Independiente, adem\u00e1s advirti\u00f3 sobre la crisis institucional y le peg\u00f3 a Mohamed quien desde su punto de vista no juega como el club lo hizo hist\u00f3ricamente. <strong>&#8220;Institucionalmente el club est\u00e1 muy mal. La gente que est\u00e1 cerca del club me dice que hay muchos problemas econ\u00f3micos. La realidad completa a\u00fan no se sabe pero ya va a salir a luz<\/strong>&#8220;, asegur\u00f3 Bochini.<\/p>\n<p>Sobre el presente futbol\u00edstico, el 10 dijo: <strong>&#8220;Independiente no juega bien porque Mohamed cambia mucho de equipo, no tiene un equipo fijo ni una idea futbol\u00edstica clara. Independiente no tiene l\u00ednea de juego y tampoco hay preparaci\u00f3n f\u00edsica. Es un equipo que juega cinco minutos bien y quince minutos mal. As\u00ed nunca vas a ganar partidos ni torneos importantes&#8221;.<\/strong><\/p>\n<p>El Bocha fue m\u00e1s all\u00e1 y dijo que de ocupar el cargo en el cual estuvo C\u00e9sar Luis Menotti hasta mediados del a\u00f1o pasado, echar\u00eda al entrenador por no jugar como la instituci\u00f3n lo exige. <strong>&#8220;Si fuese manager no elegir\u00eda a Mohamed como t\u00e9cnico porque no est\u00e1 respetando el estilo de f\u00fatbol de Independiente. Yo tengo una idea de f\u00fatbol muy distinta&#8221;<\/strong><\/p>\n<p>La mirada del 10, indica que Independiente tiene equipo como para hacer un poco m\u00e1s, pero est\u00e1 mal planteada la idea futbol\u00edstica.<strong> &#8220;Me da la sensaci\u00f3n de que el empate con Godoy Cruz fue un resultado justo, ya que el partido fue parejo y ninguno de los dos equipos hizo m\u00e9rito para llevarse un triunfo. Sin dudas, este resultado complica a ambos clubes en la clasificaci\u00f3n, ya que los partidos que les quedan a ambos son demasiado complicados<\/strong>&#8220;, lament\u00f3.<\/p>\n<p>Para el Bocha, Independiente casi no tiene chances de avanzar en la Libertadores <strong>&#8220;Soy bastante pesimista con lo que pueda pasar en la Copa. Era necesario ganarle a Godoy Cruz para poder tener mas chances de clasificar, y ahora que empatamos lo veo muy dif\u00edcil<\/strong>&#8220;, analiz\u00f3.<\/p>\n<p>Por \u00faltimo Ricardo Bochini critic\u00f3 el mal plantel de los objetivos por parte del t\u00e9cnico y del plantel.<strong> &#8220;No hay que privilegiar entre Copa y torneo. Hay que tratar de pelear ambas cosas, y m\u00e1s viendo que el grupo de Independiente no es un grupo dif\u00edcil. Tranquilamente podr\u00eda haber ganado su grupo m\u00e1s f\u00e1cilmente y seguir jugando el torneo local, pero la situaci\u00f3n del equipo hace que eso no se pueda dar&#8221;<\/strong>, concluy\u00f3.<\/p>\n","protected":false},"excerpt":{"rendered":"<p>El Bocha habl\u00f3 en Radio Belgrano y critic\u00f3 la situaci\u00f3n futbol\u00edstica de Independiente, adem\u00e1s advirti\u00f3 sobre la crisis institucional y le peg\u00f3 a Mohamed quien desde su punto de vista no juega como el club lo hizo hist\u00f3ricamente. &#8220;Institucionalmente el club est\u00e1 muy mal. La gente que est\u00e1 cerca del club me dice que hay [&hellip;]<\/p>\n","protected":false},"author":1,"featured_media":0,"comment_status":"open","ping_status":"open","sticky":false,"template":"","format":"standard","meta":{"_links_to":"","_links_to_target":""},"categories":[3,1],"tags":[115,395,153,223,475],"_links":{"self":[{"href":"https:\/\/www.locoxelrojo.com\/independiente\/wp-json\/wp\/v2\/posts\/6183"}],"collection":[{"href":"https:\/\/www.locoxelrojo.com\/independiente\/wp-json\/wp\/v2\/posts"}],"about":[{"href":"https:\/\/www.locoxelrojo.com\/independiente\/wp-json\/wp\/v2\/types\/post"}],"author":[{"embeddable":true,"href":"https:\/\/www.locoxelrojo.com\/independiente\/wp-json\/wp\/v2\/users\/1"}],"replies":[{"embeddable":true,"href":"https:\/\/www.locoxelrojo.com\/independiente\/wp-json\/wp\/v2\/comments?post=6183"}],"version-history":[{"count":0,"href":"https:\/\/www.locoxelrojo.com\/independiente\/wp-json\/wp\/v2\/posts\/6183\/revisions"}],"wp:attachment":[{"href":"https:\/\/www.locoxelrojo.com\/independiente\/wp-json\/wp\/v2\/media?parent=6183"}],"wp:term":[{"taxonomy":"category","embeddable":true,"href":"https:\/\/www.locoxelrojo.com\/independiente\/wp-json\/wp\/v2\/categories?post=6183"},{"taxonomy":"post_tag","embeddable":true,"href":"https:\/\/www.locoxelrojo.com\/independiente\/wp-json\/wp\/v2\/tags?post=6183"}],"curies":[{"name":"wp","href":"https:\/\/api.w.org\/{rel}","templated":true}]}}