{"id":6199,"date":"2011-03-26T15:31:55","date_gmt":"2011-03-26T18:31:55","guid":{"rendered":"http:\/\/www.locoxelrojo.com.ar\/independiente\/?p=6199"},"modified":"2011-03-26T15:31:55","modified_gmt":"2011-03-26T18:31:55","slug":"confirmo-la-noticia","status":"publish","type":"post","link":"https:\/\/www.locoxelrojo.com\/independiente\/2011\/03\/26\/confirmo-la-noticia\/","title":{"rendered":"Confirm\u00f3 la noticia"},"content":{"rendered":"<p><a href=\"http:\/\/www.locoxelrojo.com.ar\/independiente\/wp-content\/uploads\/2011\/03\/matias_Defederico.jpg\"><img loading=\"lazy\" class=\"alignnone size-full wp-image-6200\" title=\"matias_Defederico\" src=\"http:\/\/www.locoxelrojo.com.ar\/independiente\/wp-content\/uploads\/2011\/03\/matias_Defederico.jpg\" alt=\"\" width=\"590\" height=\"315\" srcset=\"https:\/\/locoxelrojo.com\/independiente\/wp-content\/uploads\/2011\/03\/matias_Defederico.jpg 590w, https:\/\/locoxelrojo.com\/independiente\/wp-content\/uploads\/2011\/03\/matias_Defederico-300x160.jpg 300w\" sizes=\"(max-width: 590px) 100vw, 590px\" \/><\/a><\/p>\n<p>Coment\u00e1bamos ayer que luego de la pr\u00e1ctica matutina y de que sus compa\u00f1eros quedasen concentrados Mat\u00edas Defederico se har\u00eda los estudios m\u00e9dicos para confirmar el grado de la lesi\u00f3n. Finalmente, el propio jugador confirm\u00f3 v\u00eda Twitter la mala noticia.<\/p>\n<p>La ecograf\u00eda que el volante ofensivo se realiz\u00f3 pasadas las 10 de la ma\u00f1ana dio un desgarro de 3 cent\u00edmetros. &#8220;Unas 3 semanas de recuperaci\u00f3n&#8221;, lament\u00f3 v\u00eda Twitter.<\/p>\n<p>Lo cierto es que el jugador padece un desgarro de segundo grado que requerir\u00e1 estiramiento y potencia reci\u00e9n a partir del a segunda semana de tratamiento. Luego habr\u00e1 velocidades angulares r\u00e1pidas a lentas y acciones conc\u00e9ntricas que pasar\u00e1n a ser exc\u00e9ntricas y entrenamiento pliom\u00e9trico.<\/p>\n","protected":false},"excerpt":{"rendered":"<p>Coment\u00e1bamos ayer que luego de la pr\u00e1ctica matutina y de que sus compa\u00f1eros quedasen concentrados Mat\u00edas Defederico se har\u00eda los estudios m\u00e9dicos para confirmar el grado de la lesi\u00f3n. Finalmente, el propio jugador confirm\u00f3 v\u00eda Twitter la mala noticia. La ecograf\u00eda que el volante ofensivo se realiz\u00f3 pasadas las 10 de la ma\u00f1ana dio un [&hellip;]<\/p>\n","protected":false},"author":1,"featured_media":0,"comment_status":"open","ping_status":"open","sticky":false,"template":"","format":"standard","meta":{"_links_to":"","_links_to_target":""},"categories":[3,1],"tags":[153,379],"_links":{"self":[{"href":"https:\/\/www.locoxelrojo.com\/independiente\/wp-json\/wp\/v2\/posts\/6199"}],"collection":[{"href":"https:\/\/www.locoxelrojo.com\/independiente\/wp-json\/wp\/v2\/posts"}],"about":[{"href":"https:\/\/www.locoxelrojo.com\/independiente\/wp-json\/wp\/v2\/types\/post"}],"author":[{"embeddable":true,"href":"https:\/\/www.locoxelrojo.com\/independiente\/wp-json\/wp\/v2\/users\/1"}],"replies":[{"embeddable":true,"href":"https:\/\/www.locoxelrojo.com\/independiente\/wp-json\/wp\/v2\/comments?post=6199"}],"version-history":[{"count":0,"href":"https:\/\/www.locoxelrojo.com\/independiente\/wp-json\/wp\/v2\/posts\/6199\/revisions"}],"wp:attachment":[{"href":"https:\/\/www.locoxelrojo.com\/independiente\/wp-json\/wp\/v2\/media?parent=6199"}],"wp:term":[{"taxonomy":"category","embeddable":true,"href":"https:\/\/www.locoxelrojo.com\/independiente\/wp-json\/wp\/v2\/categories?post=6199"},{"taxonomy":"post_tag","embeddable":true,"href":"https:\/\/www.locoxelrojo.com\/independiente\/wp-json\/wp\/v2\/tags?post=6199"}],"curies":[{"name":"wp","href":"https:\/\/api.w.org\/{rel}","templated":true}]}}