{"id":62058,"date":"2016-01-04T22:51:07","date_gmt":"2016-01-05T01:51:07","guid":{"rendered":"http:\/\/www.locoxelrojo.com\/independiente\/?p=62058"},"modified":"2016-01-14T16:37:48","modified_gmt":"2016-01-14T19:37:48","slug":"15-bajas-adrian-fernandez-firmo-en-instituto","status":"publish","type":"post","link":"https:\/\/www.locoxelrojo.com\/independiente\/2016\/01\/04\/15-bajas-adrian-fernandez-firmo-en-instituto\/","title":{"rendered":"15 bajas: Adri\u00e1n Fern\u00e1ndez firm\u00f3 en Instituto"},"content":{"rendered":"<p>Independiente se desprendi\u00f3 de otro contrato de manera involuntaria.<strong> Adri\u00e1n Fern\u00e1ndez qued\u00f3 libre de Libertad de Paraguay, club que pose\u00eda sus derechos federativos, por lo que ya no tiene ning\u00fan v\u00ednculo con el Rojo.<\/strong> En las \u00faltimas horas arregl\u00f3 su llegada a Instituto de C\u00f3rdoba.<\/p>\n<p><a title=\"Adri\u00e1n Fern\u00e1ndez, a su pa\u00eds natal\" href=\"https:\/\/www.locoxelrojo.com\/independiente\/2015\/06\/19\/adrian-fernandez-a-su-pais-natal\/\" target=\"_blank\">Hace seis meses, Fern\u00e1ndez se sum\u00f3 a Libertad a pr\u00e9stamo por un a\u00f1o<\/a> e Independiente cedi\u00f3 sus derechos de formaci\u00f3n para liberar un cupo extranjero y poder incorporar a Diego Vera. <strong>Como el club paraguayo dej\u00f3 libre al delantero, ya no tiene nada m\u00e1s que ver con Independiente.<\/strong><\/p>\n<p>El jugador ten\u00eda contrato con el Rojo hasta junio de 2017, pero con esta operaci\u00f3n, el v\u00ednculo se cort\u00f3 definitivamente. Ahora, tras quedar en libertad de acci\u00f3n, Fern\u00e1ndez volvi\u00f3 al pa\u00eds y <strong>firm\u00f3 contrato con Instituto, convirti\u00e9ndose en la baja n\u00famero 15 de Independiente en este receso<\/strong>.<\/p>\n<p><span style=\"text-decoration: underline;\"><strong>Los que ya se fueron oficialmente<\/strong><\/span><\/p>\n<ol>\n<li>Facundo Onraita \u2013 Rescindi\u00f3<\/li>\n<li>Federico Real \u2013 Rescindi\u00f3<\/li>\n<li>Nicol\u00e1s Figal \u2013 Pr\u00e9stamo por 18 meses a Olimpo sin cargo y sin opci\u00f3n<\/li>\n<li>Javier B\u00e1ez \u2013 Rescindi\u00f3<\/li>\n<li>Federico Gay \u2013 Rescindi\u00f3<\/li>\n<li>Francisco Pizzini \u2013 Pr\u00e9stamo por 18 meses a Olimpo sin cargo y sin opci\u00f3n<\/li>\n<li>Lucas Villalba \u2013 Pr\u00e9stamo por 18 meses a Atl\u00e9tico Tucum\u00e1n sin cargo y sin\u00a0opci\u00f3n<\/li>\n<li>Walter Busse &#8211; Libre<\/li>\n<li>Germ\u00e1n Montoya &#8211; Libre<\/li>\n<li>Jorge Pereyra D\u00edaz &#8211; Volvi\u00f3 de su pr\u00e9stamo a Malasia<\/li>\n<li>Mauricio Victorino &#8211; Libre<\/li>\n<li>Jes\u00fas M\u00e9ndez &#8211; Libre<\/li>\n<li>Leonel Buter &#8211; Rescindi\u00f3<\/li>\n<li>Alexis Z\u00e1rate &#8211; Pr\u00e9stamo por 18 meses a Temperley, sin cargo y con\u00a0opci\u00f3n de 750.000 d\u00f3lares por el 50%<\/li>\n<li>Adri\u00e1n Fern\u00e1ndez &#8211; Libre<\/li>\n<\/ol>\n","protected":false},"excerpt":{"rendered":"<p>Independiente se desprendi\u00f3 de otro contrato de manera involuntaria. Adri\u00e1n Fern\u00e1ndez qued\u00f3 libre de Libertad de Paraguay, club que pose\u00eda sus derechos federativos, por lo que ya no tiene ning\u00fan v\u00ednculo con el Rojo. En las \u00faltimas horas arregl\u00f3 su llegada a Instituto de C\u00f3rdoba. Hace seis meses, Fern\u00e1ndez se sum\u00f3 a Libertad a pr\u00e9stamo [&hellip;]<\/p>\n","protected":false},"author":8,"featured_media":62061,"comment_status":"open","ping_status":"closed","sticky":false,"template":"","format":"standard","meta":{"_links_to":"","_links_to_target":""},"categories":[3,1],"tags":[1489,153,2451,1575],"_links":{"self":[{"href":"https:\/\/www.locoxelrojo.com\/independiente\/wp-json\/wp\/v2\/posts\/62058"}],"collection":[{"href":"https:\/\/www.locoxelrojo.com\/independiente\/wp-json\/wp\/v2\/posts"}],"about":[{"href":"https:\/\/www.locoxelrojo.com\/independiente\/wp-json\/wp\/v2\/types\/post"}],"author":[{"embeddable":true,"href":"https:\/\/www.locoxelrojo.com\/independiente\/wp-json\/wp\/v2\/users\/8"}],"replies":[{"embeddable":true,"href":"https:\/\/www.locoxelrojo.com\/independiente\/wp-json\/wp\/v2\/comments?post=62058"}],"version-history":[{"count":0,"href":"https:\/\/www.locoxelrojo.com\/independiente\/wp-json\/wp\/v2\/posts\/62058\/revisions"}],"wp:featuredmedia":[{"embeddable":true,"href":"https:\/\/www.locoxelrojo.com\/independiente\/wp-json\/wp\/v2\/media\/62061"}],"wp:attachment":[{"href":"https:\/\/www.locoxelrojo.com\/independiente\/wp-json\/wp\/v2\/media?parent=62058"}],"wp:term":[{"taxonomy":"category","embeddable":true,"href":"https:\/\/www.locoxelrojo.com\/independiente\/wp-json\/wp\/v2\/categories?post=62058"},{"taxonomy":"post_tag","embeddable":true,"href":"https:\/\/www.locoxelrojo.com\/independiente\/wp-json\/wp\/v2\/tags?post=62058"}],"curies":[{"name":"wp","href":"https:\/\/api.w.org\/{rel}","templated":true}]}}