{"id":62118,"date":"2016-01-07T20:30:52","date_gmt":"2016-01-07T23:30:52","guid":{"rendered":"http:\/\/www.locoxelrojo.com\/independiente\/?p=62118"},"modified":"2016-01-07T21:59:42","modified_gmt":"2016-01-08T00:59:42","slug":"primer-doble-turno","status":"publish","type":"post","link":"https:\/\/www.locoxelrojo.com\/independiente\/2016\/01\/07\/primer-doble-turno\/","title":{"rendered":"Primer doble turno"},"content":{"rendered":"<p><strong>El plantel de Independiente realiz\u00f3 el primer doble turno de la pretemporada en el predio de Villa Dom\u00ednico<\/strong>, pensando en el amistoso del pr\u00f3ximo martes ante San Lorenzo en Mar del Plata.<\/p>\n<p>En ambos turnos, Mauricio Pellegrino organiz\u00f3 <strong>trabajos t\u00e1cticos con pelota<\/strong> en espacios reducidos. <strong>Tanto Diego Vera como Lucas Albertengo volvieron a entrenarse junto a los kinesi\u00f3logos<\/strong> para recuperarse de sus lesiones. El uruguayo se mover\u00e1 a la par del grupo desde la pr\u00f3xima semana.<\/p>\n<p><strong>La principal novedad se dio en el turno vespertino con la ausencia de Mat\u00edas Pisano<\/strong>, quien termin\u00f3 de resolver cuestiones econ\u00f3micas con la dirigencia y <a title=\"Pisano se va a Brasil\" href=\"https:\/\/www.locoxelrojo.com\/independiente\/2016\/01\/07\/pisano-se-va-a-brasil\/\" target=\"_blank\">arregl\u00f3 su incorporaci\u00f3n al Cruzeiro de Brasil<\/a>.<\/p>\n<p>Los jugadores volver\u00e1n a entrenarse el viernes a partir de las 9:30, nuevamente en el predio de Villa Dom\u00ednico. Despu\u00e9s de la pr\u00e1ctica, <strong>Jes\u00fas M\u00e9ndez hablar\u00e1 en conferencia de prensa<\/strong>.<\/p>\n","protected":false},"excerpt":{"rendered":"<p>El plantel de Independiente realiz\u00f3 el primer doble turno de la pretemporada en el predio de Villa Dom\u00ednico, pensando en el amistoso del pr\u00f3ximo martes ante San Lorenzo en Mar del Plata. En ambos turnos, Mauricio Pellegrino organiz\u00f3 trabajos t\u00e1cticos con pelota en espacios reducidos. Tanto Diego Vera como Lucas Albertengo volvieron a entrenarse junto [&hellip;]<\/p>\n","protected":false},"author":8,"featured_media":62120,"comment_status":"open","ping_status":"closed","sticky":false,"template":"","format":"standard","meta":{"_links_to":"","_links_to_target":""},"categories":[3,1],"tags":[2319,3120,172],"_links":{"self":[{"href":"https:\/\/www.locoxelrojo.com\/independiente\/wp-json\/wp\/v2\/posts\/62118"}],"collection":[{"href":"https:\/\/www.locoxelrojo.com\/independiente\/wp-json\/wp\/v2\/posts"}],"about":[{"href":"https:\/\/www.locoxelrojo.com\/independiente\/wp-json\/wp\/v2\/types\/post"}],"author":[{"embeddable":true,"href":"https:\/\/www.locoxelrojo.com\/independiente\/wp-json\/wp\/v2\/users\/8"}],"replies":[{"embeddable":true,"href":"https:\/\/www.locoxelrojo.com\/independiente\/wp-json\/wp\/v2\/comments?post=62118"}],"version-history":[{"count":0,"href":"https:\/\/www.locoxelrojo.com\/independiente\/wp-json\/wp\/v2\/posts\/62118\/revisions"}],"wp:featuredmedia":[{"embeddable":true,"href":"https:\/\/www.locoxelrojo.com\/independiente\/wp-json\/wp\/v2\/media\/62120"}],"wp:attachment":[{"href":"https:\/\/www.locoxelrojo.com\/independiente\/wp-json\/wp\/v2\/media?parent=62118"}],"wp:term":[{"taxonomy":"category","embeddable":true,"href":"https:\/\/www.locoxelrojo.com\/independiente\/wp-json\/wp\/v2\/categories?post=62118"},{"taxonomy":"post_tag","embeddable":true,"href":"https:\/\/www.locoxelrojo.com\/independiente\/wp-json\/wp\/v2\/tags?post=62118"}],"curies":[{"name":"wp","href":"https:\/\/api.w.org\/{rel}","templated":true}]}}