{"id":62331,"date":"2016-01-15T14:11:41","date_gmt":"2016-01-15T17:11:41","guid":{"rendered":"http:\/\/www.locoxelrojo.com\/independiente\/?p=62331"},"modified":"2016-01-15T14:11:41","modified_gmt":"2016-01-15T17:11:41","slug":"firmo-mancuello-y-las-bajas-ya-son-21","status":"publish","type":"post","link":"https:\/\/www.locoxelrojo.com\/independiente\/2016\/01\/15\/firmo-mancuello-y-las-bajas-ya-son-21\/","title":{"rendered":"Firm\u00f3 Mancuello y las bajas ya son 21"},"content":{"rendered":"<p>Federico Mancuello <strong>firm\u00f3 hoy su contrato con el Flamengo y se convirti\u00f3 en la baja oficial n\u00famero 21 de Independiente. Al Rojo le quedaron 3.000.000 de d\u00f3lares por la venta del 90% del pase.<\/strong><\/p>\n<p>Finalmente se hizo oficial la venta del ex capit\u00e1n. <strong>Mancuello estamp\u00f3 su firma hoy en el club de Brasil y el \u00e9xodo de jugadores creci\u00f3 a 21. En total, jug\u00f3 163 partidos -144 titular- con la camiseta de Independiente y convirti\u00f3 21 goles. Adem\u00e1s, fue parte del plantel campe\u00f3n de la Copa Sudamericana 2010, donde jug\u00f3 dos partidos.<\/strong><\/p>\n<p><span style=\"text-decoration: underline;\"><strong>Los que ya se fueron oficialmente<\/strong><\/span><\/p>\n<ol>\n<li>Facundo Onraita \u2013 Rescindi\u00f3<\/li>\n<li>Federico Real \u2013 Rescindi\u00f3<\/li>\n<li>Nicol\u00e1s Figal \u2013 Pr\u00e9stamo por 18 meses a Olimpo sin cargo y sin opci\u00f3n<\/li>\n<li>Javier B\u00e1ez \u2013 Rescindi\u00f3<\/li>\n<li>Federico Gay \u2013 Rescindi\u00f3<\/li>\n<li>Francisco Pizzini \u2013 Pr\u00e9stamo por 18 meses a Olimpo sin cargo y sin opci\u00f3n<\/li>\n<li>Lucas Villalba \u2013 Pr\u00e9stamo por 18 meses a Atl\u00e9tico Tucum\u00e1n sin cargo y sin\u00a0opci\u00f3n<\/li>\n<li>Walter Busse \u2013 Libre<\/li>\n<li>Germ\u00e1n Montoya \u2013 Libre<\/li>\n<li>Jorge Pereyra D\u00edaz \u2013 Volvi\u00f3 de su pr\u00e9stamo a Malasia<\/li>\n<li>Mauricio Victorino \u2013 Libre<\/li>\n<li>Leonel Buter \u2013 Rescindi\u00f3<\/li>\n<li>Alexis Z\u00e1rate \u2013 Pr\u00e9stamo por 18 meses a Temperley, sin cargo y con\u00a0opci\u00f3n de 750.000 d\u00f3lares por el 50%<\/li>\n<li>Adri\u00e1n Fern\u00e1ndez \u2013 Libre<\/li>\n<li>Christian Ort\u00edz \u2013 Pr\u00e9stamo por un a\u00f1o sin cargo y sin opci\u00f3n a Club Deportivo Universidad de San Mart\u00edn de Porres (Per\u00fa)<\/li>\n<li>Sergio Ojeda \u2013 Pr\u00e9stamo por 18 meses con cargo y con opci\u00f3n a Gimnasia de Jujuy<\/li>\n<li>Franco Bellocq \u2013 Pr\u00e9stamo por 18 meses sin cargo y sin opci\u00f3n a Arsenal<\/li>\n<li>Mat\u00edas Pisano \u2013 Venta del 50% a Cruzeiro en 900.000 d\u00f3lares m\u00e1s la cancelaci\u00f3n de la deuda de 680.000 d\u00f3lares por Ernesto Far\u00edas<\/li>\n<li>Patricio Vidal \u2013 Pr\u00e9stamo por 6 meses con cargo a Uni\u00f3n La Calera de Chile (al terminar el v\u00ednculo, quedar\u00e1 libre de Independiente)<\/li>\n<li>Marcelo Vidal \u2013 Rescindi\u00f3<\/li>\n<li>Federico Mancuello &#8211; Venta del 90% a Flamengo en 3.000.000 de d\u00f3lares<\/li>\n<\/ol>\n<p>&nbsp;<\/p>\n","protected":false},"excerpt":{"rendered":"<p>Federico Mancuello firm\u00f3 hoy su contrato con el Flamengo y se convirti\u00f3 en la baja oficial n\u00famero 21 de Independiente. Al Rojo le quedaron 3.000.000 de d\u00f3lares por la venta del 90% del pase. Finalmente se hizo oficial la venta del ex capit\u00e1n. Mancuello estamp\u00f3 su firma hoy en el club de Brasil y el [&hellip;]<\/p>\n","protected":false},"author":11,"featured_media":62332,"comment_status":"open","ping_status":"closed","sticky":false,"template":"","format":"standard","meta":{"_links_to":"","_links_to_target":""},"categories":[3,1],"tags":[153,48,3134],"_links":{"self":[{"href":"https:\/\/www.locoxelrojo.com\/independiente\/wp-json\/wp\/v2\/posts\/62331"}],"collection":[{"href":"https:\/\/www.locoxelrojo.com\/independiente\/wp-json\/wp\/v2\/posts"}],"about":[{"href":"https:\/\/www.locoxelrojo.com\/independiente\/wp-json\/wp\/v2\/types\/post"}],"author":[{"embeddable":true,"href":"https:\/\/www.locoxelrojo.com\/independiente\/wp-json\/wp\/v2\/users\/11"}],"replies":[{"embeddable":true,"href":"https:\/\/www.locoxelrojo.com\/independiente\/wp-json\/wp\/v2\/comments?post=62331"}],"version-history":[{"count":0,"href":"https:\/\/www.locoxelrojo.com\/independiente\/wp-json\/wp\/v2\/posts\/62331\/revisions"}],"wp:featuredmedia":[{"embeddable":true,"href":"https:\/\/www.locoxelrojo.com\/independiente\/wp-json\/wp\/v2\/media\/62332"}],"wp:attachment":[{"href":"https:\/\/www.locoxelrojo.com\/independiente\/wp-json\/wp\/v2\/media?parent=62331"}],"wp:term":[{"taxonomy":"category","embeddable":true,"href":"https:\/\/www.locoxelrojo.com\/independiente\/wp-json\/wp\/v2\/categories?post=62331"},{"taxonomy":"post_tag","embeddable":true,"href":"https:\/\/www.locoxelrojo.com\/independiente\/wp-json\/wp\/v2\/tags?post=62331"}],"curies":[{"name":"wp","href":"https:\/\/api.w.org\/{rel}","templated":true}]}}