{"id":62334,"date":"2016-01-15T14:22:59","date_gmt":"2016-01-15T17:22:59","guid":{"rendered":"http:\/\/www.locoxelrojo.com\/independiente\/?p=62334"},"modified":"2016-01-15T14:22:59","modified_gmt":"2016-01-15T17:22:59","slug":"mancuello-elegi-la-23-por-la-diferencia-entre-independiente-y-racing","status":"publish","type":"post","link":"https:\/\/www.locoxelrojo.com\/independiente\/2016\/01\/15\/mancuello-elegi-la-23-por-la-diferencia-entre-independiente-y-racing\/","title":{"rendered":"Mancuello: &#8220;Eleg\u00ed la 23 por la diferencia entre Independiente y Racing&#8221;"},"content":{"rendered":"<p>Federico Mancuello dialog\u00f3 con la prensa en su presentaci\u00f3n oficial en Flamengo y<strong> explic\u00f3 que eligi\u00f3 la camiseta n\u00famero 23 porque la us\u00f3 en la Copa Sudamericana 2010 y por la diferencia en el historial entre Independiente y Racing. Adem\u00e1s, expres\u00f3 que no le pesa jugar en un grande.<\/strong><\/p>\n<p>Flamengo presenta a todos sus jugadores <strong>con la camiseta n\u00famero 12, que fue retirada hace a\u00f1os en honor a su hinchada.<\/strong> Luego, cada futbolista elige cu\u00e1l utilizar.\u00a0<strong>&#8220;Eleg\u00ed la 23 porque con esa camiseta fui campe\u00f3n de la Copa Sudamericana. Y porque adem\u00e1s, esa es la cantidad de partidos que Independiente le lleva a su cl\u00e1sico rival&#8221;<\/strong>, manifest\u00f3 el volante.<\/p>\n<p>Luego, sostuvo que no es un peso jugar en un grande porque jug\u00f3 en Independiente: <strong>&#8220;El Flamengo es un club enorme, con la hinchada m\u00e1s grande del mundo.\u00a0Es un desaf\u00edo que me motiv\u00f3, pero no siento presi\u00f3n. Vengo del club que m\u00e1s Copas Libertadores tiene, s\u00e9 lo que es jugar en grande&#8221;.<\/strong><\/p>\n<p>Por \u00faltimo, se refiri\u00f3 a lo que espera de su futuro en su nuevo club. <strong>&#8220;No soy una estrella, soy uno m\u00e1s, con cosas para aportar. A partir de hoy quiero ayudar a Flamengo. Espero que tengamos un a\u00f1o satisfactorio, hay un muy buen plantel&#8221;,\u00a0<\/strong>cerr\u00f3.<\/p>\n<p>&nbsp;<\/p>\n","protected":false},"excerpt":{"rendered":"<p>Federico Mancuello dialog\u00f3 con la prensa en su presentaci\u00f3n oficial en Flamengo y explic\u00f3 que eligi\u00f3 la camiseta n\u00famero 23 porque la us\u00f3 en la Copa Sudamericana 2010 y por la diferencia en el historial entre Independiente y Racing. Adem\u00e1s, expres\u00f3 que no le pesa jugar en un grande. Flamengo presenta a todos sus jugadores [&hellip;]<\/p>\n","protected":false},"author":11,"featured_media":62335,"comment_status":"open","ping_status":"closed","sticky":false,"template":"","format":"standard","meta":{"_links_to":"","_links_to_target":""},"categories":[3,1],"tags":[153,48,3134,1994],"_links":{"self":[{"href":"https:\/\/www.locoxelrojo.com\/independiente\/wp-json\/wp\/v2\/posts\/62334"}],"collection":[{"href":"https:\/\/www.locoxelrojo.com\/independiente\/wp-json\/wp\/v2\/posts"}],"about":[{"href":"https:\/\/www.locoxelrojo.com\/independiente\/wp-json\/wp\/v2\/types\/post"}],"author":[{"embeddable":true,"href":"https:\/\/www.locoxelrojo.com\/independiente\/wp-json\/wp\/v2\/users\/11"}],"replies":[{"embeddable":true,"href":"https:\/\/www.locoxelrojo.com\/independiente\/wp-json\/wp\/v2\/comments?post=62334"}],"version-history":[{"count":0,"href":"https:\/\/www.locoxelrojo.com\/independiente\/wp-json\/wp\/v2\/posts\/62334\/revisions"}],"wp:featuredmedia":[{"embeddable":true,"href":"https:\/\/www.locoxelrojo.com\/independiente\/wp-json\/wp\/v2\/media\/62335"}],"wp:attachment":[{"href":"https:\/\/www.locoxelrojo.com\/independiente\/wp-json\/wp\/v2\/media?parent=62334"}],"wp:term":[{"taxonomy":"category","embeddable":true,"href":"https:\/\/www.locoxelrojo.com\/independiente\/wp-json\/wp\/v2\/categories?post=62334"},{"taxonomy":"post_tag","embeddable":true,"href":"https:\/\/www.locoxelrojo.com\/independiente\/wp-json\/wp\/v2\/tags?post=62334"}],"curies":[{"name":"wp","href":"https:\/\/api.w.org\/{rel}","templated":true}]}}